{"id":5495,"date":"2021-11-22T10:15:18","date_gmt":"2021-11-22T09:15:18","guid":{"rendered":"https:\/\/sucurriculum.com\/noticias\/?p=5495"},"modified":"2021-11-22T10:15:44","modified_gmt":"2021-11-22T09:15:44","slug":"como-es-el-seguro-de-impago-de-alquiler-quienes-tendran-acceso","status":"publish","type":"post","link":"https:\/\/sucurriculum.com\/noticias\/como-es-el-seguro-de-impago-de-alquiler-quienes-tendran-acceso\/","title":{"rendered":"\u00bfC\u00f3mo es el seguro de impago de alquiler? \u00bfQui\u00e9nes tendr\u00e1n acceso?"},"content":{"rendered":"\n<p>El Gobierno pondr\u00e1 pr\u00f3ximamente en marcha un seguro de impago del alquiler destinado a j\u00f3venes. La medida garantizar\u00e1 a los propietarios seguir cobrando la renta correspondiente al alquiler de su piso si el inquilino deja de pagarla por causas justificadas, como haber quedado en desempleo.<\/p>\n\n\n\n<h6 class=\"wp-block-heading\">\u00bfA qui\u00e9n va dirigida la medida?<\/h6>\n\n\n\n<p>Gobierno y sindicatos pactan subir el 0,6% las cotizaciones desde 2023 para sostener la pensi\u00f3n de los baby boomers<br>En palabras de la ministra de Transportes, Movilidad y Agenda Urbana, Raquel S\u00e1nchez, se trata de una medida destinada a facilitar el acceso de los j\u00f3venes a viviendas asequibles y a proporcionar \u00abseguridad jur\u00eddica\u00bb a los due\u00f1os de los inmuebles.<\/p>\n\n\n\n<p>S\u00e1nchez avanz\u00f3 la iniciativa afirmando que \u00abcorresponde a los poderes p\u00fablicos garantizar el derecho a la vivienda\u00bb y record\u00f3 que el Ejecutivo tambi\u00e9n ha creado, con cargo a los Presupuestos Generales del Estado para 2022, un bono de alquiler joven dotado con 250 euros al mes para facilitar el acceso a la vivienda. Tambi\u00e9n defendi\u00f3 la Ley de Vivienda pactada con Unidas Podemos, que a su juicio \u00abintroduce f\u00f3rmulas que van a ayudar a contener la subida de precios de alquiler en algunas zonas\u00bb.<\/p>\n\n\n\n<h6 class=\"wp-block-heading\">\u00bfQui\u00e9n solicitar\u00e1 la ayuda?<\/h6>\n\n\n\n<p>El encargado de solicitar esta futura ayuda ser\u00e1 el inquilino, mientras que el beneficiario ser\u00e1 el propietario del piso.<\/p>\n\n\n\n<h6 class=\"wp-block-heading\">\u00bfCu\u00e1ndo se activar\u00eda el seguro?<\/h6>\n\n\n\n<p>El seguro se activar\u00eda si el primero de ellos deja de hacer frente a los pagos por causas justificadas. Es decir, que si el arrendatario quedara por ejemplo en desempleo y no pudiera abonar la renta, se pondr\u00eda en marcha la protecci\u00f3n que proporciona el seguro y la aseguradora empezar\u00eda a pagarle el alquiler al propietario durante un m\u00e1ximo de un a\u00f1o.<\/p>\n\n\n\n<h6 class=\"wp-block-heading\">\u00bfQu\u00e9 quiere conseguir el Gobierno con la medida?<\/h6>\n\n\n\n<p>En el ministerio argumentan que esta medida puede ayudar a los j\u00f3venes a acceder a una vivienda, ya que el propietario tiene m\u00e1s garant\u00edas de que seguir\u00e1 cobrando el alquiler incluso si el inquilino se queda en desempleo. Y, al tiempo, explican que es una iniciativa con un coste no demasiado elevado, ya que el importe m\u00e1ximo de las p\u00f3lizas ser\u00e1 del citado 5% del alquiler anual.<\/p>\n\n\n\n<h6 class=\"wp-block-heading\">\u00bfHay l\u00edmites de edad para solicitarlo?<\/h6>\n\n\n\n<p>Previsiblemente, habr\u00e1 l\u00edmites tanto en la edad m\u00e1xima de los beneficiarios como en su renta y en el precio del piso a alquilar, aunque estos detalles a\u00fan se est\u00e1n definiendo. La ayuda se enmarcar\u00e1 en el Plan Estatal de Vivienda, cuya aprobaci\u00f3n est\u00e1 prevista para el mes de diciembre, y despu\u00e9s el ministerio de Agenda Urbana tendr\u00e1 que firmar convenios con cada una de las comunidades aut\u00f3nomas, que ser\u00e1n quienes gestionen la ayuda.<\/p>\n\n\n\n<h6 class=\"wp-block-heading\">\u00bfQu\u00e9 referencias de edad hay en otras ayudas para vivienda?<\/h6>\n\n\n\n<p>A modo de referencia, cabe mencionar que las actuales ayudas a la vivienda fijan como l\u00edmite los 35 a\u00f1os, un precio m\u00e1ximo del inmueble de entre 600 y 900 euros al mes \u2013en funci\u00f3n de si est\u00e1 ubicado en una zona tensionada, es decir, donde los precios hayan subido mucho en los \u00faltimos a\u00f1os o no\u2013, y una renta m\u00e1xima de tres veces el Iprem (Indicador P\u00fablico de Renta de Efectos M\u00faltiples) \u2013que a partir del 1 de enero de 2022 ascender\u00e1 a 579,02 euros al mes\u2013, que puede elevarse en el caso de las familias numerosas o personas con discapacidad.<\/p>\n\n\n\n<h6 class=\"wp-block-heading\">\u00bfQue opinas de esta medida? \u00bfAyudar\u00e1 realmente a los j\u00f3venes o engrosar\u00e1 a\u00fan mas la deuda p\u00fablica? <\/h6>\n","protected":false},"excerpt":{"rendered":"<p>La medida garantizar\u00e1 a los propietarios seguir cobrando la renta correspondiente al alquiler de su piso si el inquilino deja de pagar.<\/p>\n","protected":false},"author":2,"featured_media":5497,"comment_status":"open","ping_status":"open","sticky":false,"template":"","format":"standard","meta":{"footnotes":""},"categories":[66],"tags":[2785,134,2784,2489,2708,2783,1421],"class_list":["post-5495","post","type-post","status-publish","format-standard","has-post-thumbnail","hentry","category-noticias-actualidad","tag-acceso","tag-alquiler","tag-impago","tag-jovenes-2","tag-quienes","tag-seguro","tag-tendran"],"amp_enabled":true,"_links":{"self":[{"href":"https:\/\/sucurriculum.com\/noticias\/wp-json\/wp\/v2\/posts\/5495","targetHints":{"allow":["GET"]}}],"collection":[{"href":"https:\/\/sucurriculum.com\/noticias\/wp-json\/wp\/v2\/posts"}],"about":[{"href":"https:\/\/sucurriculum.com\/noticias\/wp-json\/wp\/v2\/types\/post"}],"author":[{"embeddable":true,"href":"https:\/\/sucurriculum.com\/noticias\/wp-json\/wp\/v2\/users\/2"}],"replies":[{"embeddable":true,"href":"https:\/\/sucurriculum.com\/noticias\/wp-json\/wp\/v2\/comments?post=5495"}],"version-history":[{"count":1,"href":"https:\/\/sucurriculum.com\/noticias\/wp-json\/wp\/v2\/posts\/5495\/revisions"}],"predecessor-version":[{"id":5496,"href":"https:\/\/sucurriculum.com\/noticias\/wp-json\/wp\/v2\/posts\/5495\/revisions\/5496"}],"wp:featuredmedia":[{"embeddable":true,"href":"https:\/\/sucurriculum.com\/noticias\/wp-json\/wp\/v2\/media\/5497"}],"wp:attachment":[{"href":"https:\/\/sucurriculum.com\/noticias\/wp-json\/wp\/v2\/media?parent=5495"}],"wp:term":[{"taxonomy":"category","embeddable":true,"href":"https:\/\/sucurriculum.com\/noticias\/wp-json\/wp\/v2\/categories?post=5495"},{"taxonomy":"post_tag","embeddable":true,"href":"https:\/\/sucurriculum.com\/noticias\/wp-json\/wp\/v2\/tags?post=5495"}],"curies":[{"name":"wp","href":"https:\/\/api.w.org\/{rel}","templated":true}]}}