{"id":5489,"date":"2021-11-18T11:11:02","date_gmt":"2021-11-18T10:11:02","guid":{"rendered":"https:\/\/sucurriculum.com\/noticias\/?p=5489"},"modified":"2021-11-18T11:32:13","modified_gmt":"2021-11-18T10:32:13","slug":"acuerdo-para-sostener-la-pension-de-los-baby-boomers","status":"publish","type":"post","link":"https:\/\/sucurriculum.com\/noticias\/acuerdo-para-sostener-la-pension-de-los-baby-boomers\/","title":{"rendered":"Acuerdo para sostener la pensi\u00f3n de los baby boomers"},"content":{"rendered":"\n<p>El Gobierno y los sindicatos suscribieron este lunes, sin el visto bueno de los empresarios, un pacto que contempla una subida de las cotizaciones sociales que pagan trabajadores y empresas para sostener las pensiones p\u00fablicas. Este acuerdo introduce el denominado Mecanismo de Equidad Intergeneracional (MEI) que sustituir\u00e1 al derogado Factor de Sostenibilidad que instaur\u00f3 el Partido Popular en su reforma de las pensiones de 2013 -mecanismo que condicionaba la cuant\u00eda de las pensiones a la esperanza de vida y supon\u00eda una rebaja en la prestaci\u00f3n- y que nunca lleg\u00f3 a entrar en funcionamiento por la fort\u00edsima oposici\u00f3n que gener\u00f3. A continuaci\u00f3n, las principales claves del acuerdo:<\/p>\n\n\n\n<h6 class=\"wp-block-heading\">\u00bfCual es el pacto del Gobierno y sindicatos?<\/h6>\n\n\n\n<p><strong>Escriv\u00e1 dice que subir cotizaciones no afectar\u00e1 al empleo y que llenar\u00e1 la hucha de las pensiones con 50.000 millones<\/strong>. <br>La subida de las cotizaciones acordada por el Gobierno y los sindicatos a partir del a\u00f1o 2023 es del 0,6%. En la pr\u00e1ctica, supondr\u00e1 subir 0,5 puntos porcentuales la cotizaci\u00f3n de las empresas y 0,1 puntos la de los trabajadores. Ahora, las empresas se hacen cargo del 23,6% de la base de cotizaci\u00f3n y los trabajadores cotizan un 4,7%. A la espera de conocer los detalles, en principio las cotizaciones pasar\u00edan a ser del 24,1% y del 4,8%.<\/p>\n\n\n\n<h6 class=\"wp-block-heading\">\u00bfCual es el objetivo de esta medida?<\/h6>\n\n\n\n<p>El objetivo de esta medida es rellenar las mermadas arcas del fondo de reserva de las pensiones. Este dinero extra que se recaude, han explicado fuentes del Ministerio de Seguridad Social, servir\u00e1 como \u00abv\u00e1lvula de seguridad\u00bb del sistema de pensiones a partir de 2033, cuando las cuentas comenzar\u00e1n a tensionarse por la jubilaci\u00f3n masiva de la generaci\u00f3n del baby boom (los nacidos entre 1957 y hasta 1977).<\/p>\n\n\n\n<h6 class=\"wp-block-heading\">\u00bfCu\u00e1l ser\u00e1 la repercusi\u00f3n en el sueldo bruto del trabajador?<\/h6>\n\n\n\n<p>Para un trabajador con la base m\u00ednima de cotizaci\u00f3n (1.050 euros) supondr\u00e1 1,05 euros menos en la n\u00f3mina mensual, lo que al a\u00f1o se traducir\u00e1 en 12,6 euros. Para un empleado con la m\u00e1xima cotizaci\u00f3n (4.070 euros), la p\u00e9rdida ser\u00e1 de 4,07 euros al mes (48,84 al a\u00f1o). Por otra parte, para un trabajador con una base media (2.000 euros), se traducir\u00eda en una cotizaci\u00f3n adicional de 2 euros al mes (24 al a\u00f1o).<\/p>\n\n\n\n<h6 class=\"wp-block-heading\">\u00bfCu\u00e1ndo entrar\u00e1 en vigor la subida?<\/h6>\n\n\n\n<p>Las nuevas cotizaciones entrar\u00e1n en vigor en el a\u00f1o 2023 y se aplicar\u00e1n durante una d\u00e9cada, es decir: la medida estar\u00e1 vigente hasta 2032.<\/p>\n\n\n\n<h6 class=\"wp-block-heading\">\u00bfCu\u00e1nto prev\u00e9 recaudar el Gobierno?<\/h6>\n\n\n\n<p>Esta subida de las cotizaciones supondr\u00e1 que la hucha de la Seguridad Social vuelva a llenarse hasta los 50.000 millones de euros. En 2011, lleg\u00f3 a contar con 67.000 millones, pero en la \u00e9poca de crisis econ\u00f3mica se vaci\u00f3. En la actualidad cuenta con unos 2.000 millones de euros.<\/p>\n\n\n\n<h6 class=\"wp-block-heading\">\u00bfPor qu\u00e9 no se han sumado los empresarios?<\/h6>\n\n\n\n<p>El acuerdo se ha cerrado \u00fanicamente con los sindicatos y del mismo se ha descolgado la patronal, como ya hiciera hace unos meses en las negociaciones para la subida del salario m\u00ednimo. El pacto lleg\u00f3, de hecho, unas horas despu\u00e9s de que la CEOE anunciara por la ma\u00f1ana que romp\u00eda la negociaci\u00f3n al considerar \u00abinsuficiente\u00bb la propuesta del Gobierno. Los empresarios aseguran que las medidas planteadas por el Ministerio de Seguridad Social \u00abno garantizan el equilibrio del sistema\u00bb, por lo que este \u00abnecesitar\u00e1 medidas adicionales en el futuro para garantizar su sostenibilidad\u00bb.<\/p>\n\n\n\n<p>Que opinas sobre esta medida, \u00bfcrees que ayudar\u00e1 a recaudar impuestos y cumplir\u00e1 con lo que dicen o simplemente mermar\u00e1 aun mas a las empresas con otra mochila extra?.<\/p>\n","protected":false},"excerpt":{"rendered":"<p>El Gobierno y los sindicatos sube las cotizaciones otra vez sin el acuerdo de los empresarios.<\/p>\n","protected":false},"author":2,"featured_media":5490,"comment_status":"open","ping_status":"open","sticky":false,"template":"","format":"standard","meta":{"footnotes":""},"categories":[66],"tags":[1391,2773,1871,2774,2776,2777,2778,2775,214,287,2772,56,2779],"class_list":["post-5489","post","type-post","status-publish","format-standard","has-post-thumbnail","hentry","category-noticias-actualidad","tag-acuerdo","tag-baby","tag-baja","tag-boomers","tag-cotizaciones","tag-cuendo","tag-entran","tag-mi","tag-nuevas","tag-pension","tag-sostener","tag-sueldo","tag-vigor"],"amp_enabled":true,"_links":{"self":[{"href":"https:\/\/sucurriculum.com\/noticias\/wp-json\/wp\/v2\/posts\/5489","targetHints":{"allow":["GET"]}}],"collection":[{"href":"https:\/\/sucurriculum.com\/noticias\/wp-json\/wp\/v2\/posts"}],"about":[{"href":"https:\/\/sucurriculum.com\/noticias\/wp-json\/wp\/v2\/types\/post"}],"author":[{"embeddable":true,"href":"https:\/\/sucurriculum.com\/noticias\/wp-json\/wp\/v2\/users\/2"}],"replies":[{"embeddable":true,"href":"https:\/\/sucurriculum.com\/noticias\/wp-json\/wp\/v2\/comments?post=5489"}],"version-history":[{"count":1,"href":"https:\/\/sucurriculum.com\/noticias\/wp-json\/wp\/v2\/posts\/5489\/revisions"}],"predecessor-version":[{"id":5491,"href":"https:\/\/sucurriculum.com\/noticias\/wp-json\/wp\/v2\/posts\/5489\/revisions\/5491"}],"wp:featuredmedia":[{"embeddable":true,"href":"https:\/\/sucurriculum.com\/noticias\/wp-json\/wp\/v2\/media\/5490"}],"wp:attachment":[{"href":"https:\/\/sucurriculum.com\/noticias\/wp-json\/wp\/v2\/media?parent=5489"}],"wp:term":[{"taxonomy":"category","embeddable":true,"href":"https:\/\/sucurriculum.com\/noticias\/wp-json\/wp\/v2\/categories?post=5489"},{"taxonomy":"post_tag","embeddable":true,"href":"https:\/\/sucurriculum.com\/noticias\/wp-json\/wp\/v2\/tags?post=5489"}],"curies":[{"name":"wp","href":"https:\/\/api.w.org\/{rel}","templated":true}]}}