{"id":5424,"date":"2021-11-03T10:36:17","date_gmt":"2021-11-03T09:36:17","guid":{"rendered":"https:\/\/sucurriculum.com\/noticias\/?p=5424"},"modified":"2021-11-03T10:36:17","modified_gmt":"2021-11-03T09:36:17","slug":"el-paro-baja-en-octubre","status":"publish","type":"post","link":"https:\/\/sucurriculum.com\/noticias\/el-paro-baja-en-octubre\/","title":{"rendered":"El paro baja en octubre"},"content":{"rendered":"\n<p>Octubre es un mes en el que crece la actividad, pero tradicionalmente siempre aumentaba el paro. Sin embargo, este octubre marca un hito en la historia del mercado laboral espa\u00f1ol. El paro registrado en las oficinas del Servicio P\u00fablico de Empleo Estatal (SEPE) ha descendido en 734 (-0,02%) personas, un dato m\u00ednimo pero \u201cexcepcional\u201d, seg\u00fan el Ministerio de Trabajo, ya que es la primera vez que el paro baja en este mes desde el a\u00f1o 1975.<\/p>\n\n\n\n<p>De esta manera, el paro acumula ocho meses consecutivos de bajada, seg\u00fan los datos facilitados por el departamento de Yolanda D\u00edaz. Desde febrero, el n\u00famero de personas inscritas en las listas del paro se ha reducido en 751.721, seg\u00fan esas cifras, que dejan a\u00fan 3.257.068 personas desempleadas m\u00e1s los 190.718 trabajadores que siguen en ERTE, 48.512 personas menos que al final de septiembre.<\/p>\n\n\n\n<p>En octubre de 2020 el desempleo subi\u00f3 en 49.558 personas en relaci\u00f3n al mes anterior. En 2019, el paro en octubre aument\u00f3 en 97.948 personas. Respecto a octubre de 2020, el paro ha descendido en 568.975 personas (-14,87%). En t\u00e9rminos desestacionalizados, el paro registrado baja en 80.065 personas.<\/p>\n\n\n\n<p>Pese a todo, el paro juvenil no remonta el vuelo. As\u00ed, el desempleo de los j\u00f3venes menores de 25 a\u00f1os sube en octubre en 5.867 personas (2,34%) respecto al mes anterior. Por contra, los datos de paro de os trabajadores de 25 y m\u00e1s a\u00f1os baja en 6.601 (-0,22%).<\/p>\n\n\n\n<p>Respecto a la creaci\u00f3n de empleo, creci\u00f3 en 102.474 trabajadores respecto al mes anterior (un 0,52% m\u00e1s), un incremento que duplica a los registrados el mismo mes en los dos ejercicios precedentes. Se acumulan as\u00ed seis meses consecutivos de incrementos, que suman un total de 642.539 ocupados al sistema.<\/p>\n\n\n\n<p>El n\u00famero de afiliados a la Seguridad Social en t\u00e9rminos desestacionalizados se situ\u00f3 en 19.662.163 personas en octubre. Se supera en 182.349 personas la cifra de ocupados de febrero de 2020, mes previo al inicio de la crisis sanitaria por la Covid-19. Supone el nivel de afiliaci\u00f3n m\u00e1s alto registrado en la serie, seg\u00fan ha destacado el Ministerio de Inclusi\u00f3n, Seguridad Social y Migraciones.<\/p>\n\n\n\n<p>Crecen todas las ramas de actividad, con especial intensidad en Servicios (98.737). Agricultura registr\u00f3 6.110 personas ocupadas m\u00e1s; Construcci\u00f3n (3.984) e Industria (2.968) tambi\u00e9n sumaron afiliados en octubre. La rama de la Industria no ha parado de crecer desde junio de 2020, mientras que la Construcci\u00f3n lo hace desde febrero y Servicios, desde mayo, destaca la Seguridad Social.<\/p>\n\n\n\n<h6 class=\"wp-block-heading\">700 mil empleos en el \u00faltimo a\u00f1o<\/h6>\n\n\n\n<p>En el \u00faltimo a\u00f1o y sin ajuste estacional, la afiliaci\u00f3n ha crecido en 700.226 personas, lo que supone un aumento del 3,69%. Los sectores que m\u00e1s aumentaron en octubre con respecto al a\u00f1o anterior en el R\u00e9gimen General fueron Hosteler\u00eda (14,23%), Actividades Art\u00edsticas, Recreativas y de Entretenimiento (11,70%) Informaci\u00f3n y Comunicaciones (8,65%) y Actividades Profesionales Cient\u00edficas y T\u00e9cnicas (6,35%).<\/p>\n\n\n\n<h6 class=\"wp-block-heading\">Suben los contratos indefinidos<\/h6>\n\n\n\n<p>El n\u00famero de contratos registrados durante el mes de octubre asciende a 1.892.584. Supone una subida de 341.227 (22,00%) sobre el mismo mes del a\u00f1o 2020. Con este dato, la contrataci\u00f3n acumulada en los diez primeros meses de 2021 ha alcanzado la cifra de 15.681.263, lo que supone 2.543.159 contratos m\u00e1s (19,36%) que en igual periodo del a\u00f1o anterior como consecuencia de la apertura en su pr\u00e1ctica totalidad de todos los sectores econ\u00f3micos.<\/p>\n\n\n\n<p>En octubre de 2021 se han registrado 198.496 contratos de trabajo de car\u00e1cter indefinido. Representan el 10,49% de todos los contratos. Supone un incremento de 46.177 (30,32%) sobre igual mes del a\u00f1o anterior. En magnitudes acumuladas, se han realizado 1.656.576 contratos en los diez primeros meses de 2021. Representan un incremento de 350.977 (26,88%) sobre el mismo periodo del a\u00f1o 2020.<\/p>\n\n\n\n<h6 class=\"wp-block-heading\">1.920 millones de gasto en prestaciones<\/h6>\n\n\n\n<p>Las personas beneficiarias de prestaci\u00f3n a final del mes de septiembre fueron un total de 1.834.913. Los gastos totales de septiembre de 2021 ascendieron a 1.920,6 millones de euros, lo que supone un 26,3% menos que el mismo mes del a\u00f1o anterior. El gasto medio mensual por beneficiario, sin incluir el subsidio agrario de Andaluc\u00eda y Extremadura, en el mes de septiembre de 2021 ha sido de 1.075 euros, lo que supone un aumento sobre el mismo mes del a\u00f1o anterior de 29 euros (2,8%).<\/p>\n\n\n\n<p>La inversi\u00f3n total en n\u00f3minas de prestaciones ERTE en el mes de septiembre fue de 228 millones de euros. En el acumulado del a\u00f1o hasta septiembre, la partida de ERTE asciende a 4.301 millones de euros.<\/p>\n","protected":false},"excerpt":{"rendered":"<p>La cifra de afiliados a la Seguridad Social crece en 102.474 trabajadores aunque sigue habiendo 190.718 trabajadores en ERTE y 3,2 millones de desempleados.<\/p>\n","protected":false},"author":2,"featured_media":5425,"comment_status":"open","ping_status":"open","sticky":false,"template":"","format":"standard","meta":{"footnotes":""},"categories":[2],"tags":[1704,230,1871,2751,31,421,2020,290],"class_list":["post-5424","post","type-post","status-publish","format-standard","has-post-thumbnail","hentry","category-noticias","tag-1704","tag-anos","tag-baja","tag-octubre","tag-paro","tag-por","tag-primera","tag-vez"],"amp_enabled":true,"_links":{"self":[{"href":"https:\/\/sucurriculum.com\/noticias\/wp-json\/wp\/v2\/posts\/5424","targetHints":{"allow":["GET"]}}],"collection":[{"href":"https:\/\/sucurriculum.com\/noticias\/wp-json\/wp\/v2\/posts"}],"about":[{"href":"https:\/\/sucurriculum.com\/noticias\/wp-json\/wp\/v2\/types\/post"}],"author":[{"embeddable":true,"href":"https:\/\/sucurriculum.com\/noticias\/wp-json\/wp\/v2\/users\/2"}],"replies":[{"embeddable":true,"href":"https:\/\/sucurriculum.com\/noticias\/wp-json\/wp\/v2\/comments?post=5424"}],"version-history":[{"count":1,"href":"https:\/\/sucurriculum.com\/noticias\/wp-json\/wp\/v2\/posts\/5424\/revisions"}],"predecessor-version":[{"id":5426,"href":"https:\/\/sucurriculum.com\/noticias\/wp-json\/wp\/v2\/posts\/5424\/revisions\/5426"}],"wp:featuredmedia":[{"embeddable":true,"href":"https:\/\/sucurriculum.com\/noticias\/wp-json\/wp\/v2\/media\/5425"}],"wp:attachment":[{"href":"https:\/\/sucurriculum.com\/noticias\/wp-json\/wp\/v2\/media?parent=5424"}],"wp:term":[{"taxonomy":"category","embeddable":true,"href":"https:\/\/sucurriculum.com\/noticias\/wp-json\/wp\/v2\/categories?post=5424"},{"taxonomy":"post_tag","embeddable":true,"href":"https:\/\/sucurriculum.com\/noticias\/wp-json\/wp\/v2\/tags?post=5424"}],"curies":[{"name":"wp","href":"https:\/\/api.w.org\/{rel}","templated":true}]}}