{"id":542,"date":"2020-04-22T13:27:36","date_gmt":"2020-04-22T11:27:36","guid":{"rendered":"https:\/\/sucurriculum.com\/noticias\/?p=542"},"modified":"2020-04-22T13:27:37","modified_gmt":"2020-04-22T11:27:37","slug":"aena-quiere-recuperar-el-trafico-aereo-en-tres-fases","status":"publish","type":"post","link":"https:\/\/sucurriculum.com\/noticias\/aena-quiere-recuperar-el-trafico-aereo-en-tres-fases\/","title":{"rendered":"Aena quiere recuperar el tr\u00e1fico a\u00e9reo en tres fases"},"content":{"rendered":"\n<p>El gestor aeroportuario espa\u00f1ol Aena prev\u00e9 recuperar el tr\u00e1fico a\u00e9reo en tres fases, comenzando con los vuelos dom\u00e9sticos, luego las rutas con pa\u00edses de la Uni\u00f3n Europea (UE) y posteriormente, las conexiones al resto de pa\u00edses.<\/p>\n\n\n\n<p>El presidente de AENA, Maurici Lucena, ha expuesto este plan en la videoconferencia mantenida este lunes con los reyes, quienes se han interesado por la situaci\u00f3n del sector a\u00e9reo, la labor desarrollada en el transporte de material sanitario y la repatriaci\u00f3n de espa\u00f1oles en el extranjero, han informado fuentes de la Casa Real.<\/p>\n\n\n\n<p>Desde marzo, el tr\u00e1fico en los aeropuertos espa\u00f1oles ha sufrido una ca\u00edda del 59,3 por ciento en n\u00famero de pasajeros (8,1 millones) y 43,8 por ciento de disminuci\u00f3n de operaciones, que han llegado a alcanzar el 95 por ciento en algunas jornadas de abril.<\/p>\n\n\n\n<p>Aena ha puesto en marcha adem\u00e1s el Grupo de Recuperaci\u00f3n Operativa para establecer protocolos dirigidos a garantizar la protecci\u00f3n de los pasajeros.<\/p>\n\n\n\n<p>Entre estos aspectos, est\u00e1 la gesti\u00f3n de colas, la desinfecci\u00f3n de terminales, el aprovisionamiento de mascarillas, guantes y geles desinfectantes, el control del aforo de tiendas y restaurantes y distancias entre pasajeros, han a\u00f1adido las fuentes. Estas medidas se aplicar\u00edan en los 46 aeropuertos que Aena gestiona en Espa\u00f1a y se coordinar\u00edan con los integrados en la Asociaci\u00f3n de Aeropuertos Europeos (ACI).<\/p>\n\n\n\n<p>Debido a la ca\u00edda de la actividad, Aena ha cerrado temporalmente algunos de sus espacios y terminales. En el caso del aeropuerto de Madrid-Barajas, la actividad se ha concentrado en la T4 -las otras terminales est\u00e1n cerradas- y en el de El Prat de Barcelona, en las puertas A y D de la T1.<\/p>\n\n\n\n<p>Adem\u00e1s, desde que se decret\u00f3 el estado de alarma el pasado 14 de marzo por la pandemia, los aeropuertos de la red de Aena han operado alrededor de un centenar de vuelos cargueros dedicados en exclusiva al traslado de material sanitario.<\/p>\n","protected":false},"excerpt":{"rendered":"<p>El gestor aeroportuario espa\u00f1ol Aena prev\u00e9 recuperar el tr\u00e1fico a\u00e9reo en tres fases, comenzando con los vuelos dom\u00e9sticos, luego las rutas con pa\u00edses de la Uni\u00f3n Europea (UE) y posteriormente, las conexiones al resto de pa\u00edses.<\/p>\n","protected":false},"author":2,"featured_media":547,"comment_status":"open","ping_status":"open","sticky":false,"template":"","format":"standard","meta":{"footnotes":""},"categories":[66],"tags":[110,449,452,453,450,451],"class_list":["post-542","post","type-post","status-publish","format-standard","has-post-thumbnail","hentry","category-noticias-actualidad","tag-110","tag-aena","tag-aereo","tag-fases","tag-recuperar","tag-trafico"],"amp_enabled":true,"_links":{"self":[{"href":"https:\/\/sucurriculum.com\/noticias\/wp-json\/wp\/v2\/posts\/542","targetHints":{"allow":["GET"]}}],"collection":[{"href":"https:\/\/sucurriculum.com\/noticias\/wp-json\/wp\/v2\/posts"}],"about":[{"href":"https:\/\/sucurriculum.com\/noticias\/wp-json\/wp\/v2\/types\/post"}],"author":[{"embeddable":true,"href":"https:\/\/sucurriculum.com\/noticias\/wp-json\/wp\/v2\/users\/2"}],"replies":[{"embeddable":true,"href":"https:\/\/sucurriculum.com\/noticias\/wp-json\/wp\/v2\/comments?post=542"}],"version-history":[{"count":1,"href":"https:\/\/sucurriculum.com\/noticias\/wp-json\/wp\/v2\/posts\/542\/revisions"}],"predecessor-version":[{"id":548,"href":"https:\/\/sucurriculum.com\/noticias\/wp-json\/wp\/v2\/posts\/542\/revisions\/548"}],"wp:featuredmedia":[{"embeddable":true,"href":"https:\/\/sucurriculum.com\/noticias\/wp-json\/wp\/v2\/media\/547"}],"wp:attachment":[{"href":"https:\/\/sucurriculum.com\/noticias\/wp-json\/wp\/v2\/media?parent=542"}],"wp:term":[{"taxonomy":"category","embeddable":true,"href":"https:\/\/sucurriculum.com\/noticias\/wp-json\/wp\/v2\/categories?post=542"},{"taxonomy":"post_tag","embeddable":true,"href":"https:\/\/sucurriculum.com\/noticias\/wp-json\/wp\/v2\/tags?post=542"}],"curies":[{"name":"wp","href":"https:\/\/api.w.org\/{rel}","templated":true}]}}