{"id":5397,"date":"2021-10-25T11:45:26","date_gmt":"2021-10-25T09:45:26","guid":{"rendered":"https:\/\/sucurriculum.com\/noticias\/?p=5397"},"modified":"2021-10-26T11:00:15","modified_gmt":"2021-10-26T09:00:15","slug":"se-necesitan-500-trabajadores-para-el-sector-textil-en-el-black-friday","status":"publish","type":"post","link":"https:\/\/sucurriculum.com\/noticias\/se-necesitan-500-trabajadores-para-el-sector-textil-en-el-black-friday\/","title":{"rendered":"Se necesitan 500 trabajadores para el sector textil en El Black Friday"},"content":{"rendered":"\n<p>Una empresa l\u00edder en la gesti\u00f3n del proceso log\u00edstico de venta online busca a 500 manipuladores\/as de textil, de cara al pr\u00f3ximo Black Friday, en la provincia de Guadalajara.<\/p>\n\n\n\n<p>Las contrataciones la llevar\u00e1 a a cabo Adecco, que no ha revelado la empresa en cuesti\u00f3n, aunque se sabe que est\u00e1 relacionada con la gran log\u00edstica textil y el e-commerce y por lo tanto busca refuerzos para la campa\u00f1a de estos d\u00edas de compras.<\/p>\n\n\n\n<h6 class=\"wp-block-heading\">Condiciones<\/h6>\n\n\n\n<p>Para acceder a la oferta es imprescindible tener disponibilidad para trabajar de lunes a domingo en turnos fijos de tarde o noche con los correspondientes descansos. No es necesario tener experiencia previa. Adecco se encargar\u00e1 de la formaci\u00f3n de los trabajadores que carezcan de ella.<\/p>\n\n\n\n<p>Las principales funciones de los empleados y empleadas en esta empresa ser\u00e1n la preparaci\u00f3n de pedidos y el empaquetado de los productos para el env\u00edo al cliente manejando radiofrecuencia.<\/p>\n\n\n\n<p>El puesto tiene contrato temporal a trav\u00e9s de Adecco, con duraci\u00f3n determinada para el periodo de campa\u00f1a. Horarios de tarde o noche y un salario 10,58 \u20ac brutos\/hora.<\/p>\n\n\n\n<p>Los interesados deben registrarse en la oferta a trav\u00e9s de la p\u00e1gina web de Adecco en este enlace que lleva a un formulario, donde podr\u00e1n abrirse una cuenta para iniciar el proceso de selecci\u00f3n.<\/p>\n\n\n\n<h6 class=\"wp-block-heading\">Otras empresas que est\u00e1n contratando en Black Friday<\/h6>\n\n\n\n<p>A\u00fan queda m\u00e1s de un mes para el Black Friday, el d\u00eda de las compras con descuento por antonomasia desde hace unos a\u00f1os. Y aunque pueda parecer que queda mucho tiempo, los equipos de contrataci\u00f3n ya han comenzado a trabajar en una campa\u00f1a que hace mucho que dej\u00f3 de restringirse a un \u00fanico d\u00eda.<\/p>\n\n\n\n<p>Hoy, la campa\u00f1a de descuentos del Black Friday se alarga una semana antes y despu\u00e9s contin\u00faa en algunos sectores como el de la tecnolog\u00eda. A d\u00eda de hoy ya se pueden ver en las webs de grandes empresas del sector retail ofertas espec\u00edficas para esas fechas. Aqu\u00ed recopilamos algunas de estas empresas que el a\u00f1o pasado ya protagonizaron las mayores contrataciones para el Black Friday.<\/p>\n","protected":false},"excerpt":{"rendered":"<p>Una empresa l\u00edder en la gesti\u00f3n del proceso log\u00edstico de venta online busca a 500 manipuladores\/as de textil,  para el Black Friday, en Guadalajara.<\/p>\n","protected":false},"author":2,"featured_media":5398,"comment_status":"open","ping_status":"open","sticky":false,"template":"","format":"standard","meta":{"footnotes":""},"categories":[65],"tags":[207,1715,1716,514,2740,18],"class_list":["post-5397","post","type-post","status-publish","format-standard","has-post-thumbnail","hentry","category-ofertas-de-empleo","tag-207","tag-black","tag-friday","tag-sector","tag-textil","tag-trabajadores"],"amp_enabled":true,"_links":{"self":[{"href":"https:\/\/sucurriculum.com\/noticias\/wp-json\/wp\/v2\/posts\/5397","targetHints":{"allow":["GET"]}}],"collection":[{"href":"https:\/\/sucurriculum.com\/noticias\/wp-json\/wp\/v2\/posts"}],"about":[{"href":"https:\/\/sucurriculum.com\/noticias\/wp-json\/wp\/v2\/types\/post"}],"author":[{"embeddable":true,"href":"https:\/\/sucurriculum.com\/noticias\/wp-json\/wp\/v2\/users\/2"}],"replies":[{"embeddable":true,"href":"https:\/\/sucurriculum.com\/noticias\/wp-json\/wp\/v2\/comments?post=5397"}],"version-history":[{"count":1,"href":"https:\/\/sucurriculum.com\/noticias\/wp-json\/wp\/v2\/posts\/5397\/revisions"}],"predecessor-version":[{"id":5399,"href":"https:\/\/sucurriculum.com\/noticias\/wp-json\/wp\/v2\/posts\/5397\/revisions\/5399"}],"wp:featuredmedia":[{"embeddable":true,"href":"https:\/\/sucurriculum.com\/noticias\/wp-json\/wp\/v2\/media\/5398"}],"wp:attachment":[{"href":"https:\/\/sucurriculum.com\/noticias\/wp-json\/wp\/v2\/media?parent=5397"}],"wp:term":[{"taxonomy":"category","embeddable":true,"href":"https:\/\/sucurriculum.com\/noticias\/wp-json\/wp\/v2\/categories?post=5397"},{"taxonomy":"post_tag","embeddable":true,"href":"https:\/\/sucurriculum.com\/noticias\/wp-json\/wp\/v2\/tags?post=5397"}],"curies":[{"name":"wp","href":"https:\/\/api.w.org\/{rel}","templated":true}]}}