{"id":5381,"date":"2021-10-20T09:45:32","date_gmt":"2021-10-20T07:45:32","guid":{"rendered":"https:\/\/sucurriculum.com\/noticias\/?p=5381"},"modified":"2021-10-22T09:43:17","modified_gmt":"2021-10-22T07:43:17","slug":"psoe-y-up-pactan-agilizar-el-cobro-del-ingreso-minimo","status":"publish","type":"post","link":"https:\/\/sucurriculum.com\/noticias\/psoe-y-up-pactan-agilizar-el-cobro-del-ingreso-minimo\/","title":{"rendered":"PSOE y UP pactan agilizar el cobro del ingreso m\u00ednimo"},"content":{"rendered":"\n<p>El Gobierno reforma el ingreso m\u00ednimo vital para intentar solventar los m\u00faltiples problemas que ciertas familias vulnerables tienen para acceder a \u00e9l. PSOE y Unidas Podemos han acordado impulsar varios cambios de calado en la prestaci\u00f3n, y uno de ellos tendr\u00e1 que ver con el periodo que se tiene en cuenta para determinar si un ciudadano tiene derecho o no a recibirla. Hasta ahora, se tomaban como referencia los ingresos percibidos durante el a\u00f1o anterior a la solicitud, pero el Gobierno cambiar\u00e1 este criterio para que se tengan en cuenta \u00fanicamente los ingresos percibidos durante el a\u00f1o en el que se pide la ayuda.<\/p>\n\n\n\n<p>Esta modificaci\u00f3n deber\u00eda convertir el ingreso m\u00ednimo en una prestaci\u00f3n m\u00e1s \u00e1gil, que sirva para responder a las situaciones repentinas de p\u00e9rdida de ingresos, dijo este lunes la ministra de Derechos Sociales, Ione Belarra, que junto al titular de Seguridad Social, Jos\u00e9 Luis Escriv\u00e1, present\u00f3 el acuerdo alcanzado por PSOE y Unidas Podemos despu\u00e9s de meses de negociaci\u00f3n. Las modificaciones en el dise\u00f1o de la ayuda se introducir\u00e1n como enmiendas en la tramitaci\u00f3n parlamentaria del ingreso m\u00ednimo, que se encuentra bastante avanzada en el Congreso, por lo que podr\u00edan aprobarse en los pr\u00f3ximos meses.<\/p>\n\n\n\n<p>El Gobierno sube las pensiones m\u00ednimas y el Ingreso M\u00ednimo Vital un 3%, y actualiza el IPREM un 2,5%<br>Seg\u00fan explic\u00f3 Belarra, el ingreso m\u00ednimo vital contar\u00e1 -cuando se aprueben los cambios- con dos baremos para determinar si un ciudadano tiene o no derecho a percibirlo. La administraci\u00f3n analizar\u00e1 los ingresos que ha tenido el solicitante tanto en el a\u00f1o anterior a su solicitud como \u00fanicamente en el a\u00f1o en curso. Y siempre, afirm\u00f3 la ministra, se elegir\u00e1 el criterio m\u00e1s beneficioso para el ciudadano, es decir, que tendr\u00e1 derecho a cobrar la ayuda aunque tan solo en uno de los dos periodos est\u00e9 por debajo del l\u00edmite de ingresos necesario para percibirla.<\/p>\n\n\n\n<p>De esta forma, el solicitante tendr\u00e1 que demostrar que durante el a\u00f1o en curso sus ingresos mensuales han estado por debajo del umbral de renta m\u00e1ximo para recibir el ingreso m\u00ednimo vital (5.519 euros al a\u00f1o) o, en promedio, no han superado los 459 euros al mes. Si cumple esa condici\u00f3n, tendr\u00eda derecho a percibir mensualmente el dinero que le falte para, entre sus ingresos y la ayuda, llegar a 469 euros al mes. La prestaci\u00f3n se seguir\u00e1 cobrando mientras dure la situaci\u00f3n de falta de ingresos.<\/p>\n\n\n\n<p>El dise\u00f1o de esta medida, no obstante, plantea ciertas dudas, ya que una persona que haya sufrido una p\u00e9rdida s\u00fabita de ingresos podr\u00eda tener mucho m\u00e1s f\u00e1cil cobrar el ingreso m\u00ednimo en funci\u00f3n de en qu\u00e9 momento del a\u00f1o haya tenido el problema. Por ejemplo: si un ciudadano que cobrara el salario m\u00ednimo en enero (965 euros) perdiera su trabajo en febrero y solicitase el ingreso m\u00ednimo vital en abril, podr\u00eda acceder a la ayuda, porque se tendr\u00edan en cuenta los ingresos medios que habr\u00eda percibido en enero, febrero y marzo: 321 euros al mes, menos de los 459 que marcan el umbral.<\/p>\n\n\n\n<p>Por el contrario, si la misma p\u00e9rdida s\u00fabita de ingresos tuviera lugar en octubre, ese mismo ciudadano lo tendr\u00eda mucho m\u00e1s complicado, ya que se tomar\u00edan como referencia todos sus ingresos en los diez primeros meses del a\u00f1o. Eso implicar\u00eda que, como habr\u00eda cobrado 965 euros durante diez meses (9.650 euros en total) no tendr\u00eda derecho al ingreso m\u00ednimo vital. El ciudadano se quedar\u00eda repentinamente sin ingresos de la misma forma que en el ejemplo anterior, pero al superar el umbral anual ya no tendr\u00eda derecho a percibir la ayuda hasta enero del a\u00f1o siguiente, cuando s\u00ed podr\u00eda acceder a ella.<\/p>\n\n\n\n<p>De manera general, adem\u00e1s, los perceptores del ingreso m\u00ednimo deben tener residencia legal y efectiva en Espa\u00f1a de forma continuada e ininterrumpida durante al menos el a\u00f1o anterior a presentar la solicitud. Y solo tienen derecho a cobrar la ayuda quienes tengan un patrimonio menor a 16.917,6 euros en el caso de adultos que vivan solos, sin contar la vivienda habitual.<\/p>\n\n\n\n<h6 class=\"wp-block-heading\">Mejoras para parados y dependientes<\/h6>\n\n\n\n<p>Otra de las medidas pactadas por PSOE y Unidas Podemos va en esa misma direcci\u00f3n de evitar que haya gente que quede \u00aben tierra de nadie\u00bb, en palabras de Belarra. Cuando se apruebe su redise\u00f1o, el ingreso m\u00ednimo vital podr\u00e1 comenzar a percibirse -siempre que se cumplan los requisitos- inmediatamente despu\u00e9s de que el ciudadano que lo solicite agote todos los subsidios por desempleo. Y, de hecho, el papeleo comenzar\u00e1 a gestionarse en los \u00faltimos meses en los que el solicitante est\u00e9 percibiendo el subsidio si no existen probabilidades razonables de que pueda empezar a trabajar, para que cuando \u00e9ste se le acabe no se quede ning\u00fan mes sin ingresos de ning\u00fan tipo.<\/p>\n\n\n\n<h6 class=\"wp-block-heading\">La meta, duplicar los perceptores<\/h6>\n\n\n\n<p>El ministro Escriv\u00e1 tambi\u00e9n anunci\u00f3 que habr\u00e1 cambios a la hora de gestionar las solicitudes, ya que se flexibiliza el tr\u00e1mite para intentar captar a muchos potenciales beneficiarios del ingreso m\u00ednimo que ni siquiera lo han pedido. Tal y como ya se hac\u00eda con los servicios sociales de los ayuntamientos, el Gobierno permitir\u00e1 ahora que las ONG que atienden a personas muy vulnerables o que incluso viven en la calle puedan realizar los tr\u00e1mites para que estas personas reciban la ayuda.<\/p>\n\n\n\n<p>En este sentido, Escriv\u00e1 explic\u00f3 que su ministerio est\u00e1 \u00abtrabajando en identificar un n\u00famero importante de familias y hogares que, con los datos de los que se dispone, tendr\u00edan que haber solicitado el ingreso m\u00ednimo vital y no lo han hecho\u00bb. El ministro afirm\u00f3 que, seg\u00fan los c\u00e1lculos del Gobierno, la \u00abexpectativa\u00bb es que pueda \u00abduplicarse\u00bb el n\u00famero de beneficiarios de la prestaci\u00f3n, lo que supondr\u00eda que alcanzase los 1,6 millones de personas, frente a las 800.000 que la perciben actualmente, seg\u00fan detall\u00f3 hace unos d\u00edas el propio Escriv\u00e1.<\/p>\n","protected":false},"excerpt":{"rendered":"<p>El Gobierno reforma el ingreso m\u00ednimo vital para intentar solventar los m\u00faltiples problemas que ciertas familias vulnerables tienen para acceder a \u00e9l.<\/p>\n","protected":false},"author":2,"featured_media":5382,"comment_status":"open","ping_status":"open","sticky":false,"template":"","format":"standard","meta":{"footnotes":""},"categories":[35],"tags":[2733,350,246,245,2732,1974,2731,247,265],"class_list":["post-5381","post","type-post","status-publish","format-standard","has-post-thumbnail","hentry","category-ayudas","tag-agilizar","tag-familias","tag-ingreso","tag-minimo","tag-podemos","tag-psoe","tag-unidas","tag-vital","tag-vulnerables"],"amp_enabled":true,"_links":{"self":[{"href":"https:\/\/sucurriculum.com\/noticias\/wp-json\/wp\/v2\/posts\/5381","targetHints":{"allow":["GET"]}}],"collection":[{"href":"https:\/\/sucurriculum.com\/noticias\/wp-json\/wp\/v2\/posts"}],"about":[{"href":"https:\/\/sucurriculum.com\/noticias\/wp-json\/wp\/v2\/types\/post"}],"author":[{"embeddable":true,"href":"https:\/\/sucurriculum.com\/noticias\/wp-json\/wp\/v2\/users\/2"}],"replies":[{"embeddable":true,"href":"https:\/\/sucurriculum.com\/noticias\/wp-json\/wp\/v2\/comments?post=5381"}],"version-history":[{"count":1,"href":"https:\/\/sucurriculum.com\/noticias\/wp-json\/wp\/v2\/posts\/5381\/revisions"}],"predecessor-version":[{"id":5383,"href":"https:\/\/sucurriculum.com\/noticias\/wp-json\/wp\/v2\/posts\/5381\/revisions\/5383"}],"wp:featuredmedia":[{"embeddable":true,"href":"https:\/\/sucurriculum.com\/noticias\/wp-json\/wp\/v2\/media\/5382"}],"wp:attachment":[{"href":"https:\/\/sucurriculum.com\/noticias\/wp-json\/wp\/v2\/media?parent=5381"}],"wp:term":[{"taxonomy":"category","embeddable":true,"href":"https:\/\/sucurriculum.com\/noticias\/wp-json\/wp\/v2\/categories?post=5381"},{"taxonomy":"post_tag","embeddable":true,"href":"https:\/\/sucurriculum.com\/noticias\/wp-json\/wp\/v2\/tags?post=5381"}],"curies":[{"name":"wp","href":"https:\/\/api.w.org\/{rel}","templated":true}]}}