{"id":5364,"date":"2021-10-18T10:18:53","date_gmt":"2021-10-18T08:18:53","guid":{"rendered":"https:\/\/sucurriculum.com\/noticias\/?p=5364"},"modified":"2021-10-18T10:18:53","modified_gmt":"2021-10-18T08:18:53","slug":"facebook-creara-10-000-empleos-en-europa-para-construir-su-metaverso","status":"publish","type":"post","link":"https:\/\/sucurriculum.com\/noticias\/facebook-creara-10-000-empleos-en-europa-para-construir-su-metaverso\/","title":{"rendered":"Facebook crear\u00e1 10.000 empleos en Europa para construir su metaverso"},"content":{"rendered":"\n<p>La red social Facebook anunci\u00f3 este domingo que crear\u00e1 10.000 nuevos empleos cualificados en Europa en los pr\u00f3ximos cinco a\u00f1os con el objetivo de dar forma a lo que ha bautizado como \u00abmetaverso\u00bb, un espacio de encuentro entre individuos en el universo digital.<\/p>\n\n\n\n<p>\u00abEsta inversi\u00f3n es un voto de confianza en la fuerza de la industria tecnol\u00f3gica europea y el potencial del talento europeo en el \u00e1rea de las tecnolog\u00edas\u00bb, dijeron en un comunicado el vicepresidente de asuntos globales de Facebook, Nick Clegg, y el vicepresidente de productos centrales de la compa\u00f1\u00eda, Javier Olivan.<\/p>\n\n\n\n<p>Aunque el comunicado no especifica pa\u00edses, el medio especializado CNBC asegur\u00f3 que la empresa centrar\u00e1 su b\u00fasqueda de talento en Alemania, Francia, Espa\u00f1a, Italia, Polonia, los Pa\u00edses Bajos e Irlanda.<\/p>\n\n\n\n<p>\u00abEuropa es enormemente importante para Facebook\u00bb, afirmaron Clegg y Olivan, que destacaron el trabajo vanguardista de compa\u00f1\u00edas europeas en \u00e1reas como la biotecnolog\u00eda o la banca digital.<\/p>\n\n\n\n<p>\u00abEn Espa\u00f1a, hay niveles r\u00e9cord de inversi\u00f3n en empresas emergentes [startups] que est\u00e1n resolviendo todo, desde la entrega de compras del supermercado a la neuroelectr\u00f3nica, mientras que Suecia est\u00e1 de camino a convertirse en la primera sociedad sin dinero en efectivo para 2023\u00bb, agregaron.<\/p>\n\n\n\n<h6 class=\"wp-block-heading\">Inversi\u00f3n de 50 millones de d\u00f3lares<\/h6>\n\n\n\n<p>En julio, el fundador y principal ejecutivo de Facebook, Mark Zuckerberg, anunci\u00f3 que formar\u00eda un equipo para desarrollar el \u00abmetaverso\u00bb, un t\u00e9rmino con el que describe un universo digital en el que m\u00faltiples personas pueden interactuar dentro de un entorno virtual en tres dimensiones.<\/p>\n\n\n\n<p>Facebook ha reconocido que no puede construir solo ese espacio, por lo que ha anunciado una inversi\u00f3n de 50 millones de d\u00f3lares para colaborar con otras empresas y acad\u00e9micos que le ayuden a determinar c\u00f3mo se puede crear ese espacio \u00abde forma responsable\u00bb.<\/p>\n\n\n\n<p>\u00abNinguna compa\u00f1\u00eda \u00fanica ser\u00e1 propietaria u operar\u00e1 el metaverso. Como internet, su principal rasgo ser\u00e1 su apertura y su interoperabilidad. Traerla a la vida requerir\u00e1 colaboraci\u00f3n entre compa\u00f1\u00edas, desarrolladores, creadores y quienes hacen las pol\u00edticas\u00bb, recalca la nota.<\/p>\n\n\n\n<p>La red social calcula que muchos de los productos que compondr\u00e1n el \u00abmetaverso\u00bb no estar\u00e1n disponibles del todo hasta dentro de diez o quince a\u00f1os, y para ello necesita \u00abingenieros altamente especializados\u00bb que buscar\u00e1 sobre todo en Europa.<\/p>\n\n\n\n<h6 class=\"wp-block-heading\">Campa\u00f1a de reclutamiento<\/h6>\n\n\n\n<p>\u00abEstamos deseosos de trabajar con los gobiernos de toda la Uni\u00f3n Europea para encontrar a la gente y los mercados adecuados para llevar esto a cabo, dentro de una pr\u00f3xima campa\u00f1a de reclutamiento en la regi\u00f3n\u00bb, se\u00f1ala el comunicado.<\/p>\n\n\n\n<p>La compa\u00f1\u00eda asegur\u00f3 que le atraen las ventajas de invertir en Europa, como su \u00abgran mercado de consumidores, sus universidades\u00bb y su talento de calidad, aunque consider\u00f3 necesario que se \u00abcomplete el mercado digital \u00fanico para apoyar\u00bb esas cualidades, y que se priorice la \u00abestabilidad en los flujos de datos internacionales\u00bb.<\/p>\n\n\n\n<p>En agosto, Zuckerberg asegur\u00f3 en una entrevista que desde que era un estudiante pensaba en crear un sistema inmersivo en el que las personas pudieran sentirse como si estuvieran juntas, jugando y explorando.<\/p>\n\n\n\n<p>\u00abAs\u00ed que pienso en el metaverso como la pr\u00f3xima generaci\u00f3n de Internet\u00bb, dijo Zuckerberg a la cadena CBS.<\/p>\n","protected":false},"excerpt":{"rendered":"<p>Facebook anunci\u00f3 que crear\u00e1 10.000 empleos con el objetivo de dar forma al \u00abmetaverso\u00bb, un espacio de encuentro entre individuos en el universo digital.<\/p>\n","protected":false},"author":2,"featured_media":5365,"comment_status":"open","ping_status":"open","sticky":false,"template":"","format":"standard","meta":{"footnotes":""},"categories":[2],"tags":[643,2720,1318,95,371,2719,2721],"class_list":["post-5364","post","type-post","status-publish","format-standard","has-post-thumbnail","hentry","category-noticias","tag-643","tag-contruir","tag-creara-2","tag-empleos","tag-europa","tag-facebook","tag-metaverso"],"amp_enabled":true,"_links":{"self":[{"href":"https:\/\/sucurriculum.com\/noticias\/wp-json\/wp\/v2\/posts\/5364","targetHints":{"allow":["GET"]}}],"collection":[{"href":"https:\/\/sucurriculum.com\/noticias\/wp-json\/wp\/v2\/posts"}],"about":[{"href":"https:\/\/sucurriculum.com\/noticias\/wp-json\/wp\/v2\/types\/post"}],"author":[{"embeddable":true,"href":"https:\/\/sucurriculum.com\/noticias\/wp-json\/wp\/v2\/users\/2"}],"replies":[{"embeddable":true,"href":"https:\/\/sucurriculum.com\/noticias\/wp-json\/wp\/v2\/comments?post=5364"}],"version-history":[{"count":1,"href":"https:\/\/sucurriculum.com\/noticias\/wp-json\/wp\/v2\/posts\/5364\/revisions"}],"predecessor-version":[{"id":5366,"href":"https:\/\/sucurriculum.com\/noticias\/wp-json\/wp\/v2\/posts\/5364\/revisions\/5366"}],"wp:featuredmedia":[{"embeddable":true,"href":"https:\/\/sucurriculum.com\/noticias\/wp-json\/wp\/v2\/media\/5365"}],"wp:attachment":[{"href":"https:\/\/sucurriculum.com\/noticias\/wp-json\/wp\/v2\/media?parent=5364"}],"wp:term":[{"taxonomy":"category","embeddable":true,"href":"https:\/\/sucurriculum.com\/noticias\/wp-json\/wp\/v2\/categories?post=5364"},{"taxonomy":"post_tag","embeddable":true,"href":"https:\/\/sucurriculum.com\/noticias\/wp-json\/wp\/v2\/tags?post=5364"}],"curies":[{"name":"wp","href":"https:\/\/api.w.org\/{rel}","templated":true}]}}