{"id":5358,"date":"2021-10-17T10:47:35","date_gmt":"2021-10-17T08:47:35","guid":{"rendered":"https:\/\/sucurriculum.com\/noticias\/?p=5358"},"modified":"2021-10-17T10:47:36","modified_gmt":"2021-10-17T08:47:36","slug":"el-oro-olimpico-confiesa-que-podria-tener-que-salir-del-pais-para-entrenar","status":"publish","type":"post","link":"https:\/\/sucurriculum.com\/noticias\/el-oro-olimpico-confiesa-que-podria-tener-que-salir-del-pais-para-entrenar\/","title":{"rendered":"El oro ol\u00edmpico confiesa que podr\u00eda tener que salir del pa\u00eds para entrenar"},"content":{"rendered":"\n<p>Hace poco m\u00e1s de dos meses, Alberto Gin\u00e9s tocaba el cielo deportivo a sus 18 a\u00f1os. El escalador ganaba la medalla de oro en los Juegos Ol\u00edmpicos de Tokio y hac\u00eda que todo un pa\u00eds mirase a un deporte en el que no se hab\u00eda fijado nunca: la escalada.<\/p>\n\n\n\n<p>Tras los Juegos Ol\u00edmpicos, la realidad es otra. Alberto Gin\u00e9s cuenta en SER Deportivos la cara oculta de este deporte, con poco apoyo y pocas infraestructuras en Espa\u00f1a. El extreme\u00f1o revela que entren\u00f3 en Austria para los Juegos Ol\u00edmpicos de Tokio y que se plantea irse a vivir fuera de Espa\u00f1a por la falta de medios para entrenar en condiciones de cara a Par\u00eds 2024.<\/p>\n\n\n\n<p>A ver si pod\u00e9is entrenar &#8216;como Dios manda&#8217; en Espa\u00f1a, \u00bfno?. Es lo que estamos intentando, creo que es nuestro pr\u00f3ximo gran reto. No solo yo, sino todos los chavales que vienen detr\u00e1s, que tengamos un sitio decente para entrenar en Espa\u00f1a, para poder preparar competiciones. Cuesta creer que le hayan recortado presupuestos a la federaci\u00f3n en a\u00f1o ol\u00edmpico y que por culpa de eso muchos j\u00f3venes no hayan podido ir a competiciones juveniles, sinceramente creo que es una putada.<\/p>\n\n\n\n<p>Todos estos a\u00f1os has tenido que moverte dentro y sobre todo fuera de Espa\u00f1a para poder entrenar para estar en unos Juegos y al final conseguir una medalla, pero el camino quiz\u00e1 es m\u00e1s duro para ti que en otros deportes, \u00bfno?. S\u00ed. Yo s\u00e9 lo que me ha costado llegar hasta donde estoy y mi familia y mi entrenador lo saben. Al mundo en realidad le da igual. Que tu hayas competido con menos recursos a la competici\u00f3n le da igual.<\/p>\n\n\n\n<p>Para Par\u00eds, si no conseguimos que haya un roc\u00f3dromo en condiciones para poder preparar los Juegos, creo que habr\u00e1 que tomar la decisi\u00f3n de irme a vivir fuera de Espa\u00f1a. Llevo a\u00f1os plante\u00e1ndomelo. Quiz\u00e1 llegue y quiz\u00e1 consigamos que haya un cambio y podamos entrenar en condiciones. No vivo fuera, pero antes de Tokio estuve cuatro meses entrenando en Austria, es la realidad que tenemos que vivir.<\/p>\n\n\n\n<p>\u00bfTe planteas irte a vivir a Austria? Alguna vez lo he pensado. Est\u00e1 el tema de que me tengo que ir solo, no quiero dejar tampoco a mi entrenador\u2026 Yo quiero estar aqu\u00ed, ser\u00eda una decisi\u00f3n muy dura para m\u00ed.<\/p>\n","protected":false},"excerpt":{"rendered":"<p>Alberto Gin\u00e9s cuenta la cara oculta de este deporte, con poco apoyo y pocas infraestructuras en Espa\u00f1a.<\/p>\n","protected":false},"author":2,"featured_media":5359,"comment_status":"open","ping_status":"open","sticky":false,"template":"","format":"standard","meta":{"footnotes":""},"categories":[66],"tags":[2715,21,1742,2009,2714,2713,1343],"class_list":["post-5358","post","type-post","status-publish","format-standard","has-post-thumbnail","hentry","category-noticias-actualidad","tag-entrenar","tag-espana","tag-fuera","tag-instalaciones","tag-olimpico","tag-oro","tag-pais"],"amp_enabled":true,"_links":{"self":[{"href":"https:\/\/sucurriculum.com\/noticias\/wp-json\/wp\/v2\/posts\/5358","targetHints":{"allow":["GET"]}}],"collection":[{"href":"https:\/\/sucurriculum.com\/noticias\/wp-json\/wp\/v2\/posts"}],"about":[{"href":"https:\/\/sucurriculum.com\/noticias\/wp-json\/wp\/v2\/types\/post"}],"author":[{"embeddable":true,"href":"https:\/\/sucurriculum.com\/noticias\/wp-json\/wp\/v2\/users\/2"}],"replies":[{"embeddable":true,"href":"https:\/\/sucurriculum.com\/noticias\/wp-json\/wp\/v2\/comments?post=5358"}],"version-history":[{"count":1,"href":"https:\/\/sucurriculum.com\/noticias\/wp-json\/wp\/v2\/posts\/5358\/revisions"}],"predecessor-version":[{"id":5360,"href":"https:\/\/sucurriculum.com\/noticias\/wp-json\/wp\/v2\/posts\/5358\/revisions\/5360"}],"wp:featuredmedia":[{"embeddable":true,"href":"https:\/\/sucurriculum.com\/noticias\/wp-json\/wp\/v2\/media\/5359"}],"wp:attachment":[{"href":"https:\/\/sucurriculum.com\/noticias\/wp-json\/wp\/v2\/media?parent=5358"}],"wp:term":[{"taxonomy":"category","embeddable":true,"href":"https:\/\/sucurriculum.com\/noticias\/wp-json\/wp\/v2\/categories?post=5358"},{"taxonomy":"post_tag","embeddable":true,"href":"https:\/\/sucurriculum.com\/noticias\/wp-json\/wp\/v2\/tags?post=5358"}],"curies":[{"name":"wp","href":"https:\/\/api.w.org\/{rel}","templated":true}]}}