{"id":5349,"date":"2021-10-17T10:01:49","date_gmt":"2021-10-17T08:01:49","guid":{"rendered":"https:\/\/sucurriculum.com\/noticias\/?p=5349"},"modified":"2021-10-19T20:02:34","modified_gmt":"2021-10-19T18:02:34","slug":"la-ayuda-del-sepe-que-pueden-pedir-quienes-no-tienen-derecho-a-paro","status":"publish","type":"post","link":"https:\/\/sucurriculum.com\/noticias\/la-ayuda-del-sepe-que-pueden-pedir-quienes-no-tienen-derecho-a-paro\/","title":{"rendered":"La ayuda del SEPE que pueden pedir quienes no tienen derecho a paro"},"content":{"rendered":"\n<p>Saber que te queda un tiempo de paro siempre es un alivio si est\u00e1s en situaci\u00f3n de desempleo. La ayuda del Servicio P\u00fablico de Empleo Estatal (SEPE) es un empuj\u00f3n econ\u00f3mico para aquellos que est\u00e1n en b\u00fasqueda activa de empleo, concedida cuando el ciudadano ha perdido su trabajo por causas no imputables y si ha cotizado al menos 360 d\u00edas en los \u00faltimos seis a\u00f1os. Pero \u00bfqu\u00e9 pasa si no se llega a cumplir este requisito?.<\/p>\n\n\n\n<p>No llegar a tener un a\u00f1o trabajado no significa que no se tenga ning\u00fan derecho a recibir una prestaci\u00f3n por desempleo, al contrario de lo que muchos suelen pensar. De hecho, hay algunas ayudas a las que se tiene derecho en estos casos, aunque est\u00e1n determinadas por la cantidad de meses trabajados y la existencia o no de responsabilidades familiares.<\/p>\n\n\n\n<p>Un detalle importante a tener en cuenta es que el interesado debe solicitar la prestaci\u00f3n en los 15 d\u00edas h\u00e1biles s<strong>iguientes al momento en que se produce la situaci\u00f3n legal de desempleo. Esto se puede hacer de manera presencial en cualquier sede f\u00edsica del <a href=\"https:\/\/www.sepe.es\/HomeSepe\/\">SEPE o a trav\u00e9s de su portal web<\/a>. Otro requisito es estar inscrito como demandante de empleo.<\/strong><\/p>\n\n\n\n<p>La duraci\u00f3n de la ayuda var\u00eda en funci\u00f3n de las cargas familiares, por lo que el demandante que no haya superado el a\u00f1o trabajado debe cotizar de tres a cinco meses por desempleo para poder cobrar la prestaci\u00f3n durante un tiempo proporcional. En el caso de superar los seis meses cotizados, se podr\u00e1 recibir la subvenci\u00f3n hasta los 21 meses. Para quienes no tengan ning\u00fan familiar a su cargo, deber\u00e1n acreditar seis meses cotizados o m\u00e1s para poder recibir la prestaci\u00f3n durante un semestre.<\/p>\n\n\n\n<p><strong>Otro requisito para que esta subvenci\u00f3n sea aprobada es que el demandante no perciba rentas \u00edntegras o brutas superiores al 75% del salario m\u00ednimo interprofesional, descontando la parte proporcional de dos pagas extraordinarias.<\/strong><\/p>\n\n\n\n<p>El importe de la ayuda ser\u00e1 el 80 % del indicador p\u00fablico de renta de efectos m\u00faltiples (IPREM), unos 451,92 euros mensuales. Adem\u00e1s, quienes no tengan cargas familiares ni se ajusten al requisito de no percibir rentas, pueden alegar que s\u00ed cumplir\u00e1n estas exigencias en el plazo de un a\u00f1o desde el d\u00eda del hecho causante.<\/p>\n","protected":false},"excerpt":{"rendered":"<p>Si est\u00e1s en desempleo y tienes menos de un a\u00f1o cotizado puedes solicitar una subvenci\u00f3n si cumples ciertos requisitos.<\/p>\n","protected":false},"author":2,"featured_media":5350,"comment_status":"open","ping_status":"open","sticky":false,"template":"","format":"standard","meta":{"footnotes":""},"categories":[35],"tags":[206,448,22,2707,2097,2708,42,1254],"class_list":["post-5349","post","type-post","status-publish","format-standard","has-post-thumbnail","hentry","category-ayudas","tag-ayuda","tag-derecho","tag-no","tag-pedir","tag-pueden","tag-quienes","tag-sepe","tag-tienen"],"amp_enabled":true,"_links":{"self":[{"href":"https:\/\/sucurriculum.com\/noticias\/wp-json\/wp\/v2\/posts\/5349","targetHints":{"allow":["GET"]}}],"collection":[{"href":"https:\/\/sucurriculum.com\/noticias\/wp-json\/wp\/v2\/posts"}],"about":[{"href":"https:\/\/sucurriculum.com\/noticias\/wp-json\/wp\/v2\/types\/post"}],"author":[{"embeddable":true,"href":"https:\/\/sucurriculum.com\/noticias\/wp-json\/wp\/v2\/users\/2"}],"replies":[{"embeddable":true,"href":"https:\/\/sucurriculum.com\/noticias\/wp-json\/wp\/v2\/comments?post=5349"}],"version-history":[{"count":1,"href":"https:\/\/sucurriculum.com\/noticias\/wp-json\/wp\/v2\/posts\/5349\/revisions"}],"predecessor-version":[{"id":5351,"href":"https:\/\/sucurriculum.com\/noticias\/wp-json\/wp\/v2\/posts\/5349\/revisions\/5351"}],"wp:featuredmedia":[{"embeddable":true,"href":"https:\/\/sucurriculum.com\/noticias\/wp-json\/wp\/v2\/media\/5350"}],"wp:attachment":[{"href":"https:\/\/sucurriculum.com\/noticias\/wp-json\/wp\/v2\/media?parent=5349"}],"wp:term":[{"taxonomy":"category","embeddable":true,"href":"https:\/\/sucurriculum.com\/noticias\/wp-json\/wp\/v2\/categories?post=5349"},{"taxonomy":"post_tag","embeddable":true,"href":"https:\/\/sucurriculum.com\/noticias\/wp-json\/wp\/v2\/tags?post=5349"}],"curies":[{"name":"wp","href":"https:\/\/api.w.org\/{rel}","templated":true}]}}