{"id":5346,"date":"2021-10-17T09:40:58","date_gmt":"2021-10-17T07:40:58","guid":{"rendered":"https:\/\/sucurriculum.com\/noticias\/?p=5346"},"modified":"2021-10-17T09:40:58","modified_gmt":"2021-10-17T07:40:58","slug":"8-euros-mas-al-mes-a-partir-del-ano-que-viene-para-autonomos","status":"publish","type":"post","link":"https:\/\/sucurriculum.com\/noticias\/8-euros-mas-al-mes-a-partir-del-ano-que-viene-para-autonomos\/","title":{"rendered":"8 euros m\u00e1s al mes a partir del a\u00f1o que viene para Aut\u00f3nomos"},"content":{"rendered":"\n<p>El Gobierno incluye en los Presupuestos de 2022 una subida de la cuota de los aut\u00f3nomos. La base de cotizaci\u00f3n m\u00ednima ser\u00e1 de 960,60 euros y el tipo de un 30,60%, lo que supondr\u00e1 un aumento de 96 euros anuales. La cuota que se pagar\u00e1 en base m\u00ednima ser\u00e1 de 294 euros. La subida de la cotizaci\u00f3n se aplicar\u00e1 a m\u00e1s de 1,8 millones de aut\u00f3nomos que cotizan por esta base. El incremento en recaudaci\u00f3n para la Seguridad Social ser\u00e1 de unos 173 millones de euros.<\/p>\n\n\n\n<p>El proyecto de Ley de Presupuestos Generales del Estado para 2022, aprobados la pasada semana por el Consejo de ministros, tambi\u00e9n fija la base de cotizaci\u00f3n m\u00e1xima que se sit\u00faa en 4.139,40 euros.<\/p>\n\n\n\n<h6 class=\"wp-block-heading\">Los aut\u00f3nomos se oponen<\/h6>\n\n\n\n<p><strong>Las organizaciones de trabajadores aut\u00f3nomos han mostrado su sorpresa y su indignaci\u00f3n ante lo que consideran una carga m\u00e1s en un momento econ\u00f3micamente delicado.<\/strong><\/p>\n\n\n\n<p>\u00abDesde UPTA consideramos que esta decisi\u00f3n del gobierno no es acertada, ya que en este 2021 se ha anunciado reiteradamente la puesta en marcha del nuevo sistema de cotizaci\u00f3n en funci\u00f3n de los ingresos reales\u00bb, ha asegurado su Presidente Eduardo Abad: <strong>\u00abEs inconcebible, no damos cr\u00e9dito a la desidia con la que se nos est\u00e1 tratando en el \u00e1mbito fiscal. No entendemos la negativa reiterada de los Ministerios de Econom\u00eda y de Hacienda a poner freno a una de las mayores injusticias fiscales que sufre el colectivo de trabajadores aut\u00f3nomos. Nos asombra, adem\u00e1s, que ning\u00fan partido pol\u00edtico haya dado un solo paso para tratar de solucionarlo, tan solo ERC ha presentado una proposici\u00f3n no de Ley con este asunto.<\/strong> Esta negativa que vendieron como un aut\u00e9ntico logro desde el anterior gobierno, ha sido una tomadura de pelo a los aut\u00f3nomos, y los que tienen ahora la responsabilidad de gobernar o de sostener el actual gobierno, tienen una deuda moral que exigimos que se cumpla\u00bb, ha dicho.<\/p>\n\n\n\n<p>Desde ATA, su presidente Lorenzo Amor, ha criticado tambi\u00e9n las formas y la decisi\u00f3n del Ejecutivo: \u00abNo ha habido consulta previa del incremento de las bases de cotizaci\u00f3n como debe ser preceptivo. Sin dialogo, se subir\u00e1 60 euros m\u00e1s al a\u00f1o para aut\u00f3nomos y 76 euros para los aut\u00f3nomos societarios. Supondr\u00e1 un aumento en la cuota entre 36 euros y 149 euros anuales para aut\u00f3nomos personas f\u00edsicas y entre 44 euros y 149 euros para societarios. No cabe duda que no es el mejor momento para subir m\u00e1s las cuotas a aut\u00f3nomos\u00bb, asegura Amor.<\/p>\n","protected":false},"excerpt":{"rendered":"<p>El Gobierno incluye en los Presupuestos de 2022 una subida de la cuota de aut\u00f3nomos que se pagar\u00e1 en base m\u00ednima a 294 euros.<\/p>\n","protected":false},"author":2,"featured_media":5347,"comment_status":"open","ping_status":"open","sticky":false,"template":"","format":"standard","meta":{"footnotes":""},"categories":[66],"tags":[1034,2705,1785,28,445,1478,2706],"class_list":["post-5346","post","type-post","status-publish","format-standard","has-post-thumbnail","hentry","category-noticias-actualidad","tag-ano","tag-autonomo-2","tag-cuota","tag-mes","tag-nueva","tag-que","tag-viene"],"amp_enabled":true,"_links":{"self":[{"href":"https:\/\/sucurriculum.com\/noticias\/wp-json\/wp\/v2\/posts\/5346","targetHints":{"allow":["GET"]}}],"collection":[{"href":"https:\/\/sucurriculum.com\/noticias\/wp-json\/wp\/v2\/posts"}],"about":[{"href":"https:\/\/sucurriculum.com\/noticias\/wp-json\/wp\/v2\/types\/post"}],"author":[{"embeddable":true,"href":"https:\/\/sucurriculum.com\/noticias\/wp-json\/wp\/v2\/users\/2"}],"replies":[{"embeddable":true,"href":"https:\/\/sucurriculum.com\/noticias\/wp-json\/wp\/v2\/comments?post=5346"}],"version-history":[{"count":1,"href":"https:\/\/sucurriculum.com\/noticias\/wp-json\/wp\/v2\/posts\/5346\/revisions"}],"predecessor-version":[{"id":5348,"href":"https:\/\/sucurriculum.com\/noticias\/wp-json\/wp\/v2\/posts\/5346\/revisions\/5348"}],"wp:featuredmedia":[{"embeddable":true,"href":"https:\/\/sucurriculum.com\/noticias\/wp-json\/wp\/v2\/media\/5347"}],"wp:attachment":[{"href":"https:\/\/sucurriculum.com\/noticias\/wp-json\/wp\/v2\/media?parent=5346"}],"wp:term":[{"taxonomy":"category","embeddable":true,"href":"https:\/\/sucurriculum.com\/noticias\/wp-json\/wp\/v2\/categories?post=5346"},{"taxonomy":"post_tag","embeddable":true,"href":"https:\/\/sucurriculum.com\/noticias\/wp-json\/wp\/v2\/tags?post=5346"}],"curies":[{"name":"wp","href":"https:\/\/api.w.org\/{rel}","templated":true}]}}