{"id":533,"date":"2020-04-22T11:00:27","date_gmt":"2020-04-22T09:00:27","guid":{"rendered":"https:\/\/sucurriculum.com\/noticias\/?p=533"},"modified":"2020-04-22T11:00:28","modified_gmt":"2020-04-22T09:00:28","slug":"eeuu-reabre-playas-en-medio-de-la-pandemia-de-coronavirus","status":"publish","type":"post","link":"https:\/\/sucurriculum.com\/noticias\/eeuu-reabre-playas-en-medio-de-la-pandemia-de-coronavirus\/","title":{"rendered":"EEUU reabre playas en medio de la pandemia de coronavirus"},"content":{"rendered":"\n<script data-wid=\"auto\" type=\"text\/javascript\" src=\"https:\/\/ads.viralize.tv\/display\/?zid=AADjbMtGxHhgAXJu&#038;cid=AAXtI3AtaZk51QpN&#038;activation=adfill&#038;vip_mode=playing&#038;vip_position=bottom-right\"><\/script>\n\n\n\n<p>Florida comienza a reabrir playas en medio de la pandemia de coronavirus Las playas del norte de Florida estuvieron entre las primeras en abrir despu\u00e9s de que el gobernador de Florida, Ron DeSantis, diera luz verde el viernes. <\/p>\n\n\n\n<p>El alcalde de Jacksonville, Lenny Curry, anunci\u00f3 que las playas del condado de Duval reabrir\u00edan con horario restringido el viernes. Lenny Curry, en Twitter Lenny Curry, en Twitter A pesar de haber recibido instrucciones de seguir las pautas de distanciamiento social, \u00abFue una carrera loca aqu\u00ed para llegar al oc\u00e9ano\u00bb, seg\u00fan Randi Kaye de CNN. Fotos y videos comenzaron a aparecer en la playa de Jacksonville con grandes multitudes cerca del agua menos de 20 minutos despu\u00e9s de la reapertura. Hasta el s\u00e1bado por la ma\u00f1ana, Florida ten\u00eda al menos 25,269 casos de coronavirus, incluidas 740 muertes, seg\u00fan el Departamento de Salud de Florida.<\/p>\n\n\n\n<p>\u00bfCrees que en Espa\u00f1a suceder\u00e1 lo mismo y permitir\u00e1n el acceso a playas este verano?<\/p>\n","protected":false},"excerpt":{"rendered":"<p>Florida comienza a reabrir playas en medio de la pandemia de coronavirus Las playas del norte de Florida estuvieron entre las primeras en abrir despu\u00e9s de que el gobernador de Florida, Ron DeSantis, diera luz verde el viernes. <\/p>\n","protected":false},"author":2,"featured_media":534,"comment_status":"open","ping_status":"open","sticky":false,"template":"","format":"standard","meta":{"footnotes":""},"categories":[66],"tags":[442,440,439,441,76],"class_list":["post-533","post","type-post","status-publish","format-standard","has-post-thumbnail","hentry","category-noticias-actualidad","tag-eeuu","tag-florida","tag-playas","tag-reapertura","tag-viernes"],"amp_enabled":true,"_links":{"self":[{"href":"https:\/\/sucurriculum.com\/noticias\/wp-json\/wp\/v2\/posts\/533","targetHints":{"allow":["GET"]}}],"collection":[{"href":"https:\/\/sucurriculum.com\/noticias\/wp-json\/wp\/v2\/posts"}],"about":[{"href":"https:\/\/sucurriculum.com\/noticias\/wp-json\/wp\/v2\/types\/post"}],"author":[{"embeddable":true,"href":"https:\/\/sucurriculum.com\/noticias\/wp-json\/wp\/v2\/users\/2"}],"replies":[{"embeddable":true,"href":"https:\/\/sucurriculum.com\/noticias\/wp-json\/wp\/v2\/comments?post=533"}],"version-history":[{"count":1,"href":"https:\/\/sucurriculum.com\/noticias\/wp-json\/wp\/v2\/posts\/533\/revisions"}],"predecessor-version":[{"id":535,"href":"https:\/\/sucurriculum.com\/noticias\/wp-json\/wp\/v2\/posts\/533\/revisions\/535"}],"wp:featuredmedia":[{"embeddable":true,"href":"https:\/\/sucurriculum.com\/noticias\/wp-json\/wp\/v2\/media\/534"}],"wp:attachment":[{"href":"https:\/\/sucurriculum.com\/noticias\/wp-json\/wp\/v2\/media?parent=533"}],"wp:term":[{"taxonomy":"category","embeddable":true,"href":"https:\/\/sucurriculum.com\/noticias\/wp-json\/wp\/v2\/categories?post=533"},{"taxonomy":"post_tag","embeddable":true,"href":"https:\/\/sucurriculum.com\/noticias\/wp-json\/wp\/v2\/tags?post=533"}],"curies":[{"name":"wp","href":"https:\/\/api.w.org\/{rel}","templated":true}]}}