{"id":5324,"date":"2021-10-11T10:14:32","date_gmt":"2021-10-11T08:14:32","guid":{"rendered":"https:\/\/sucurriculum.com\/noticias\/?p=5324"},"modified":"2021-10-14T10:09:46","modified_gmt":"2021-10-14T08:09:46","slug":"el-gobierno-recaudara-mas-de-100-000-millones-a-costa-de-la-clase-media-y-trabajadora","status":"publish","type":"post","link":"https:\/\/sucurriculum.com\/noticias\/el-gobierno-recaudara-mas-de-100-000-millones-a-costa-de-la-clase-media-y-trabajadora\/","title":{"rendered":"El Gobierno recaudar\u00e1 m\u00e1s de 100.000 millones a costa de la clase media y trabajadora"},"content":{"rendered":"\n<p>M\u00e1s de 100.000 millones de euros. En concreto, 100.132 millones. Eso es lo que el Gobierno prev\u00e9 que recaudar\u00e1 el a\u00f1o que viene por el Impuesto sobre la Renta de las Personas F\u00edsicas (IRPF), lo que supone el mayor dato de la historia. Porque lejos del artificio del Ejecutivo de coalici\u00f3n de PSOE y Podemos y de sus medidas para que los que m\u00e1s tienen paguen m\u00e1s, la realidad es que la aut\u00e9ntica gallina de los huevos de oro es el IRPF, y esa figura, a su vez, est\u00e1 directa y principalmente sustentada por las clases medias y trabajadoras.<\/p>\n\n\n\n<p>Seg\u00fan las estimaciones del Ministerio de Hacienda, que ayer present\u00f3 la ministra Montero como parte de los Presupuestos Generales del Estado de 2022, los ingresos por IRPF ya registrar\u00e1n este a\u00f1o un notable incremento del 6,6%, y llegar\u00e1n hasta los 93.800 millones. Y el pr\u00f3ximo ejercicio, el repunte ser\u00e1 muy similar, superando as\u00ed por primera vez esa hist\u00f3rica cifra de 100.000 millones. En t\u00e9rminos absolutos, el ritmo de crecimiento anual ser\u00e1 de unos 6.000 millones, cifras todas ellas que hacen palidecer, por ejemplo, los apenas 400 millones en los que aumentar\u00e1 la recaudaci\u00f3n por el incremento al 15% del tipo de Sociedades y por el que tanto han peleado las dos formaciones que forman parte del Gobierno.<\/p>\n\n\n\n<h6 class=\"wp-block-heading\">232.352 MILLONES<\/h6>\n\n\n\n<p>Ese fuerte crecimiento que el Gobierno espera en el IRPF, que ser\u00e1 consecuencia del mejor comportamiento econ\u00f3mico y el notable crecimiento esperado, es clave para que la recaudaci\u00f3n total marque tambi\u00e9n un nuevo m\u00e1ximo: 232.352 millones, un 8% m\u00e1s respecto a los casi 215.000 con los que Hacienda espera cerrar este a\u00f1o. El IVA, impuesto en el que las clases medias y trabajadoras tambi\u00e9n son b\u00e1sicas, aportar\u00e1 algo m\u00e1s de 75.000 millones, mientras que Sociedades se quedar\u00e1 por debajo de los 25.000 millones. En esta figura destaca el fuerte aumento del 38% que el Gobierno prev\u00e9 para este a\u00f1o despu\u00e9s del batacazo del pasado ejercicio, y tambi\u00e9n el repunte de casi el 12% que estima para el a\u00f1o que viene. La causa no es, desde luego, la mencionada modificaci\u00f3n del tipo m\u00ednimo sino m\u00e1s bien la marcha de la econom\u00eda.<\/p>\n\n\n\n<p>Pero, en cualquier caso, Hacienda estima que este impuesto debe aportar mucho m\u00e1s y que la diferencia con respecto al resto de Europa es importante, por lo que se espera que en las recomendaciones del grupo de expertos para la reforma fiscal, que deben llegar en febrero, haya nuevas y relevantes actuaciones.<\/p>\n\n\n\n<h6 class=\"wp-block-heading\">ATAQUE AL AHORRO PRIVADO<\/h6>\n\n\n\n<p>La ministra Montero lo se\u00f1al\u00f3 casi de pasada durante la rueda de prensa pero, al ser preguntada al final de la misma y concretar las cifras, revel\u00f3 la medida m\u00e1s concreta y probablemente inesperada de las ayer presentadas: el l\u00edmite de aportaci\u00f3n a los planes de pensiones se reduce de nuevo, y pasar\u00e1 de los 2.000 euros actuales a s\u00f3lo 1.500 euros. Un nuevo golpe a estos veh\u00edculos y, por lo tanto, al ahorro privado que se encuadra en el deseo de Podemos de acabar con ellos y, tambi\u00e9n, en la intenci\u00f3n del ministro de Seguridad Social, Jos\u00e9 Luis Escriv\u00e1, de restarles atractivo en favor de los planes de empresa. De hecho, los 500 euros que se reducen a los primeros se les sumar\u00e1n a los segundos, que pasar\u00e1n a tener una aportaci\u00f3n m\u00e1xima de 8.500 euros.<\/p>\n\n\n\n<p>La decisi\u00f3n, adem\u00e1s, se produce cuando en el sector se ped\u00eda precisamente lo contrario, esto es, un incremento del tope m\u00e1ximo. A finales del pasado mes de agosto, la Asociaci\u00f3n de Instituciones de Inversi\u00f3n Colectiva y Fondos de Pensiones (Inverco) propuso llevar ese l\u00edmite a los 5.000 euros, y destac\u00f3 que esa medida no tendr\u00eda un efecto presupuestario \u00abrelevante\u00bb al tiempo que \u00abpermitir\u00eda incorporar en el colectivo amparado por los l\u00edmites de aportaci\u00f3n a casi un 30% de los aportantes de 2020\u00bb.<\/p>\n\n\n\n<h6 class=\"wp-block-heading\">IMPUESTOS DE MATRICULACI\u00d3N<\/h6>\n\n\n\n<p>La enmienda que se introdujo en los Presupuestos de 2021 para aplazar el incremento del impuesto de matriculaci\u00f3n decae el pr\u00f3ximo 31 de diciembre y, en consecuencia, esta figura se ver\u00e1 incrementada a partir del 1 de enero. El impuesto de matriculaci\u00f3n est\u00e1 ligado a las emisiones de di\u00f3xido de carbono que homologa cada autom\u00f3vil y, ante una legislaci\u00f3n m\u00e1s restrictiva, los veh\u00edculos arrojan cifras m\u00e1s altas que desembocan en mayores tasas.<\/p>\n\n\n\n<h6 class=\"wp-block-heading\">BECAS PARA OPOSITORES<\/h6>\n\n\n\n<p>\u00abDemocratizar el acceso\u00bb. El Ejecutivo ya aludi\u00f3 a este objetivo cuando present\u00f3 la reforma de los ex\u00e1menes de acceso a la Administraci\u00f3n y, ayer, Montero lo volvi\u00f3 a emplear para desarrollar el plan de becas para aspirantes a juez, fiscal o abogado del Estado. Los procesos de oposici\u00f3n para estos puestos son \u00abcostosos\u00bb, dijo, y no todos los ciudadanos tienen la posibilidad de acometerlos con independencia de si tienen o no la capacidad. Esto es, un discurso y una medida directamente ligada e impregnada por la \u00abfalta de pluralismo\u00bb que, seg\u00fan el PSOE, existe en \u00e1mbitos como el Poder Judicial. Una manera de acabar con la \u00abbarrera de clase\u00bb que presuntamente existe y con las \u00abinercias elitistas\u00bb.<\/p>\n","protected":false},"excerpt":{"rendered":"<p>100.132 millones es lo que el Gobierno prev\u00e9 que recaudar\u00e1 el a\u00f1o que viene por el Impuesto sobre la Renta de las Personas F\u00edsicas (IRPF).<\/p>\n","protected":false},"author":2,"featured_media":5325,"comment_status":"open","ping_status":"open","sticky":false,"template":"","format":"standard","meta":{"footnotes":""},"categories":[66],"tags":[706,2699,2698,36,2553,40,2697,164],"class_list":["post-5324","post","type-post","status-publish","format-standard","has-post-thumbnail","hentry","category-noticias-actualidad","tag-706","tag-clase","tag-costa","tag-gobierno","tag-media","tag-millones","tag-recaudara","tag-trabajadora"],"amp_enabled":true,"_links":{"self":[{"href":"https:\/\/sucurriculum.com\/noticias\/wp-json\/wp\/v2\/posts\/5324","targetHints":{"allow":["GET"]}}],"collection":[{"href":"https:\/\/sucurriculum.com\/noticias\/wp-json\/wp\/v2\/posts"}],"about":[{"href":"https:\/\/sucurriculum.com\/noticias\/wp-json\/wp\/v2\/types\/post"}],"author":[{"embeddable":true,"href":"https:\/\/sucurriculum.com\/noticias\/wp-json\/wp\/v2\/users\/2"}],"replies":[{"embeddable":true,"href":"https:\/\/sucurriculum.com\/noticias\/wp-json\/wp\/v2\/comments?post=5324"}],"version-history":[{"count":1,"href":"https:\/\/sucurriculum.com\/noticias\/wp-json\/wp\/v2\/posts\/5324\/revisions"}],"predecessor-version":[{"id":5326,"href":"https:\/\/sucurriculum.com\/noticias\/wp-json\/wp\/v2\/posts\/5324\/revisions\/5326"}],"wp:featuredmedia":[{"embeddable":true,"href":"https:\/\/sucurriculum.com\/noticias\/wp-json\/wp\/v2\/media\/5325"}],"wp:attachment":[{"href":"https:\/\/sucurriculum.com\/noticias\/wp-json\/wp\/v2\/media?parent=5324"}],"wp:term":[{"taxonomy":"category","embeddable":true,"href":"https:\/\/sucurriculum.com\/noticias\/wp-json\/wp\/v2\/categories?post=5324"},{"taxonomy":"post_tag","embeddable":true,"href":"https:\/\/sucurriculum.com\/noticias\/wp-json\/wp\/v2\/tags?post=5324"}],"curies":[{"name":"wp","href":"https:\/\/api.w.org\/{rel}","templated":true}]}}