{"id":5321,"date":"2021-10-08T10:41:07","date_gmt":"2021-10-08T08:41:07","guid":{"rendered":"https:\/\/sucurriculum.com\/noticias\/?p=5321"},"modified":"2021-10-15T10:10:51","modified_gmt":"2021-10-15T08:10:51","slug":"grupo-mas-creara-1-800-puestos-de-trabajo-en-los-proximos-cinco-anos","status":"publish","type":"post","link":"https:\/\/sucurriculum.com\/noticias\/grupo-mas-creara-1-800-puestos-de-trabajo-en-los-proximos-cinco-anos\/","title":{"rendered":"Grupo MAS crear\u00e1 1.800 puestos de trabajo en los pr\u00f3ximos cinco a\u00f1os"},"content":{"rendered":"\n<p>Grupo MAS crear\u00e1 1.800 puestos de trabajo en los pr\u00f3ximos cinco a\u00f1os, seg\u00fan prev\u00e9 su plan plan estrat\u00e9gico 2021-25, que contempla una inversi\u00f3n de 100 millones de euros en la apertura de 50 nuevas tiendas y la reforma de otras 50. As\u00ed lo ha anunciado este lunes el presidente de la compa\u00f1\u00eda, Vicente Mart\u00edn Gonz\u00e1lez, durante un acto de reconocimiento a los nuevos empleados reclutados durante la pandemia, en el que ha remarcado \u00abel compromiso con la generaci\u00f3n de empleo en Andaluc\u00eda\u00bb de esta compa\u00f1\u00eda familiar con sede en Sevilla.<\/p>\n\n\n\n<p>En total, la compa\u00f1\u00eda andaluza ha incorporado a 814 personas, 150 de ellas provenientes de acciones formativas propias o en colaboraci\u00f3n con terceros. Con este aumento, la plantilla del grupo empresarial de la familia Mart\u00edn supera los 3.500 empleados, con un \u00edndice del 79% de contrataci\u00f3n indefinida.<\/p>\n\n\n\n<p>Seg\u00fan detalla Grupo MAS, la compa\u00f1\u00eda mantiene activos varios programas para el fomento del empleo, como los mencionados Cursos de Frescos con Compromiso de Contrataci\u00f3n, que acoger\u00e1n a 150 alumnos de los cuales el 60% se incorporar\u00e1 a la compa\u00f1\u00eda; la Alianza por la FP Dual, en colaboraci\u00f3n con la Fundaci\u00f3n Bertelsmann, que ha formado ya a 11 j\u00f3venes; o los programas de Becas de Fundaci\u00f3n MAS, que han apoyado a m\u00e1s de 500 j\u00f3venes en sus once a\u00f1os de historia, con un 85% de inserci\u00f3n laboral.<\/p>\n\n\n\n<p>En paralelo, Grupo MAS cuenta con una Escuela de Formaci\u00f3n Propia homologada por la Junta de Andaluc\u00eda, que forma tanto a j\u00f3venes o desempleados que buscan una nueva oportunidad laboral, como a sus empleados, con el fin de facilitar la promoci\u00f3n interna de estos \u00faltimos. M\u00e1s de 320 empleados han sido promocionados desde el inicio de la pandemia en el marco de esta iniciativa.<\/p>\n\n\n\n<p>Grupo MAS es una empresa familiar con sede social en Sevilla con m\u00e1s de 48 a\u00f1os de trayectoria en el sector de la distribuci\u00f3n comercial. Cuenta actualmente con m\u00e1s de 170 establecimientos repartidos en Andaluc\u00eda y Extremadura, entre los que se incluyen las marcas Supermercados MAS, MAS&amp; Go, Cash Fresh, SanTom\u00e1s, Altrigo, Catering San Tom\u00e1s y M\u00f6kai.<\/p>\n\n\n\n<p>Grupo MAS recuerda su fuerte compromiso con la sostenibilidad, canalizado a trav\u00e9s de su estrategia de RSC con cuatro programas: Cero Impacto, que tiene como objetivo minimizar los efectos en el medio ambiente en su entorno; Ra\u00edces, que apoya el desarrollo local; Destino Bienestar, que fomenta la alimentaci\u00f3n y h\u00e1bitos de vida saludables; y Juntos Somos, que vela por el cuidado del equipo humano de la firma. Aqu\u00ed os dejamos un <a href=\"https:\/\/www.somosgrupomas.com\/empleo\/\">enlace a la web de empleo de la compa\u00f1\u00eda. <\/a><\/p>\n","protected":false},"excerpt":{"rendered":"<p>Grupo MAS contempla una inversi\u00f3n de 100 millones de euros en la apertura de 50 nuevas tiendas y la reforma de otras 50. <\/p>\n","protected":false},"author":2,"featured_media":5322,"comment_status":"open","ping_status":"open","sticky":false,"template":"","format":"standard","meta":{"footnotes":""},"categories":[65],"tags":[2047,1085,230,1173,889,320,629,169],"class_list":["post-5321","post","type-post","status-publish","format-standard","has-post-thumbnail","hentry","category-ofertas-de-empleo","tag-2047","tag-1085","tag-anos","tag-creara","tag-grupo","tag-mas","tag-puestos","tag-trabajo"],"amp_enabled":true,"_links":{"self":[{"href":"https:\/\/sucurriculum.com\/noticias\/wp-json\/wp\/v2\/posts\/5321","targetHints":{"allow":["GET"]}}],"collection":[{"href":"https:\/\/sucurriculum.com\/noticias\/wp-json\/wp\/v2\/posts"}],"about":[{"href":"https:\/\/sucurriculum.com\/noticias\/wp-json\/wp\/v2\/types\/post"}],"author":[{"embeddable":true,"href":"https:\/\/sucurriculum.com\/noticias\/wp-json\/wp\/v2\/users\/2"}],"replies":[{"embeddable":true,"href":"https:\/\/sucurriculum.com\/noticias\/wp-json\/wp\/v2\/comments?post=5321"}],"version-history":[{"count":1,"href":"https:\/\/sucurriculum.com\/noticias\/wp-json\/wp\/v2\/posts\/5321\/revisions"}],"predecessor-version":[{"id":5323,"href":"https:\/\/sucurriculum.com\/noticias\/wp-json\/wp\/v2\/posts\/5321\/revisions\/5323"}],"wp:featuredmedia":[{"embeddable":true,"href":"https:\/\/sucurriculum.com\/noticias\/wp-json\/wp\/v2\/media\/5322"}],"wp:attachment":[{"href":"https:\/\/sucurriculum.com\/noticias\/wp-json\/wp\/v2\/media?parent=5321"}],"wp:term":[{"taxonomy":"category","embeddable":true,"href":"https:\/\/sucurriculum.com\/noticias\/wp-json\/wp\/v2\/categories?post=5321"},{"taxonomy":"post_tag","embeddable":true,"href":"https:\/\/sucurriculum.com\/noticias\/wp-json\/wp\/v2\/tags?post=5321"}],"curies":[{"name":"wp","href":"https:\/\/api.w.org\/{rel}","templated":true}]}}