{"id":5318,"date":"2021-10-07T10:49:23","date_gmt":"2021-10-07T08:49:23","guid":{"rendered":"https:\/\/sucurriculum.com\/noticias\/?p=5318"},"modified":"2021-10-07T10:49:23","modified_gmt":"2021-10-07T08:49:23","slug":"bono-cultural-de-400-euros-para-los-jovenes-que-cumplan-18-anos-el-proximo-ano","status":"publish","type":"post","link":"https:\/\/sucurriculum.com\/noticias\/bono-cultural-de-400-euros-para-los-jovenes-que-cumplan-18-anos-el-proximo-ano\/","title":{"rendered":"Bono cultural de 400 euros para los j\u00f3venes que cumplan 18 a\u00f1os el pr\u00f3ximo a\u00f1o"},"content":{"rendered":"\n<p>En palabras de Pedro Sanchez: <\/p>\n\n\n\n<blockquote class=\"wp-block-quote is-layout-flow wp-block-quote-is-layout-flow\"><p>Quiero anunciarles que en los Presupuestos Generales del Estado que vamos a llevar a las Cortes la pr\u00f3xima semana llevamos tambi\u00e9n un bono cultural joven,\u00a0como hacen Francia\u00a0e\u00a0Italia,\u00a0una ayuda directa a todos aquellos j\u00f3venes que pasen de 17 a 18 a\u00f1os en 2022 y que les daremos cuando sean mayores de edad si se aprueban los Presupuestos<\/p><p>\u201cSon 400 euros para la compra de libros o para el consumo de cualquier tipo de actividad art\u00edstica, esc\u00e9nica, como puedan ser el teatro, el cine, la danza, la m\u00fasica\u201d.<\/p><\/blockquote>\n\n\n\n<p>La ayuda seg\u00fan hemos entendido se limita solo  a los j\u00f3venes que cumplan 18 a\u00f1os en 2022. Si podr\u00eda decir que si vas a cumplir 18 a\u00f1os en 2022 te van a regalar 400.<\/p>\n\n\n\n<p>Seg\u00fan el INE, en 2004 nacieron en Espa\u00f1a 454.591 personas, y por tanto esos son los beneficiarios potenciales.<\/p>\n\n\n\n<p>Nada se dice de los que han cumplido 18 a\u00f1os este a\u00f1o o cualquier otra franca de edad&#8230; a nuestro modo de ver algo sin lugar a dudas muy peculiar, dar un dinero a gente de una determina edad muy limitada. Ni entendemos los motivos de esta partida presupuestar\u00eda, es complejo de entender en la situaci\u00f3n actual por la que est\u00e1 pasando el pa\u00eds este regalo.<\/p>\n\n\n\n<p>Pedro tambi\u00e9n anunci\u00f3 ayer otra ayuda de 250 euros mensuales para el alquiler, pero esta ayuda es para un rango de edad mucho m\u00e1s amplio, dado que es para todos los j\u00f3venes entre 18 y 35 a\u00f1os que tengan una renta anual por debajo de 23.750 euros<\/p>\n\n\n\n<p>\u00bfQu\u00e9 opinas?<\/p>\n","protected":false},"excerpt":{"rendered":"<p>Bono cultural de 400 euros para los j\u00f3venes que cumplan 18 a\u00f1os el pr\u00f3ximo a\u00f1o<\/p>\n","protected":false},"author":1,"featured_media":5319,"comment_status":"open","ping_status":"open","sticky":false,"template":"","format":"standard","meta":{"footnotes":""},"categories":[66],"tags":[829],"class_list":["post-5318","post","type-post","status-publish","format-standard","has-post-thumbnail","hentry","category-noticias-actualidad","tag-bono"],"amp_enabled":true,"_links":{"self":[{"href":"https:\/\/sucurriculum.com\/noticias\/wp-json\/wp\/v2\/posts\/5318","targetHints":{"allow":["GET"]}}],"collection":[{"href":"https:\/\/sucurriculum.com\/noticias\/wp-json\/wp\/v2\/posts"}],"about":[{"href":"https:\/\/sucurriculum.com\/noticias\/wp-json\/wp\/v2\/types\/post"}],"author":[{"embeddable":true,"href":"https:\/\/sucurriculum.com\/noticias\/wp-json\/wp\/v2\/users\/1"}],"replies":[{"embeddable":true,"href":"https:\/\/sucurriculum.com\/noticias\/wp-json\/wp\/v2\/comments?post=5318"}],"version-history":[{"count":1,"href":"https:\/\/sucurriculum.com\/noticias\/wp-json\/wp\/v2\/posts\/5318\/revisions"}],"predecessor-version":[{"id":5320,"href":"https:\/\/sucurriculum.com\/noticias\/wp-json\/wp\/v2\/posts\/5318\/revisions\/5320"}],"wp:featuredmedia":[{"embeddable":true,"href":"https:\/\/sucurriculum.com\/noticias\/wp-json\/wp\/v2\/media\/5319"}],"wp:attachment":[{"href":"https:\/\/sucurriculum.com\/noticias\/wp-json\/wp\/v2\/media?parent=5318"}],"wp:term":[{"taxonomy":"category","embeddable":true,"href":"https:\/\/sucurriculum.com\/noticias\/wp-json\/wp\/v2\/categories?post=5318"},{"taxonomy":"post_tag","embeddable":true,"href":"https:\/\/sucurriculum.com\/noticias\/wp-json\/wp\/v2\/tags?post=5318"}],"curies":[{"name":"wp","href":"https:\/\/api.w.org\/{rel}","templated":true}]}}