{"id":5310,"date":"2021-10-06T10:17:45","date_gmt":"2021-10-06T08:17:45","guid":{"rendered":"https:\/\/sucurriculum.com\/noticias\/?p=5310"},"modified":"2021-10-06T10:18:09","modified_gmt":"2021-10-06T08:18:09","slug":"el-centro-logistico-de-inditex-en-plaza-creara-750-nuevos-empleos","status":"publish","type":"post","link":"https:\/\/sucurriculum.com\/noticias\/el-centro-logistico-de-inditex-en-plaza-creara-750-nuevos-empleos\/","title":{"rendered":"El Centro Log\u00edstico de Inditex en PlaZa crear\u00e1 750 nuevos empleos"},"content":{"rendered":"\n<p>El Grupo Inditex va a ampliar las instalaciones que tiene en su centro log\u00edstico de PlaZa, creando un total de 750 empleos entre directos e indirectos. El Gobierno de Arag\u00f3n ha dado hoy luz verde a esa ampliaci\u00f3n con 63.500 metros cuadrados a trav\u00e9s de cuatro parcelas de propiedad privada, y la ha declarado de inter\u00e9s auton\u00f3mico. Ampliaci\u00f3n que estar\u00e1 lista a mediados de 2023. Las obras comenzar\u00e1n el a\u00f1o que viene y supondr\u00e1n una inversi\u00f3n de m\u00e1s de 80 millones de euros. Gracias a ella, la actividad de este centro log\u00edstico aumentar\u00e1 en un 20%. La proximidad al aeropuerto de Zaragoza sigue siendo fundamental. Y es que casi el 90% del volumen de carga del sector textil que se exporta desde Zaragoza, procede de Inditex.<\/p>\n\n\n\n<p>El Consejo de Gobierno tambi\u00e9n ha aprobado el anteproyecto de la futura Ley de Emergencias de Arag\u00f3n. Una ambiciosa normativa que va a permitir a la comunidad estar preparada ante cualquier cat\u00e1strofe que pueda ocurrir y saber c\u00f3mo afrontarla. Incluir\u00e1 un mapa de riesgos y la creaci\u00f3n de una Academia Aragonesa de Emergencias. Ahora se abre un proceso de participaci\u00f3n social para recoger todas las aportaciones que puedan surgir antes de elaborar el texto definitivo.<\/p>\n\n\n\n<p>Adem\u00e1s, los trabajadores de la administraci\u00f3n regional van a ver aumentado su sueldo en un 0,9 por ciento. Se trata de un aumento salarial que se aplicar\u00e1 con efectos retroactivos desde el 1 de enero y que beneficiar\u00e1 a los 57.000 empleados p\u00fablicos del Gobierno de Arag\u00f3n, exceptuando a los miembros del Ejecutivo. Tambi\u00e9n se han actualizado con car\u00e1cter retroactivo los complementos de las guardias que perciben los m\u00e9dicos de atenci\u00f3n primaria.<\/p>\n\n\n\n<p>El Gobierno de Arag\u00f3n va a destinar 23,8 millones de euros a la formaci\u00f3n y mejora de la cualificaci\u00f3n de desempleados. Un paquete de ayudas que se suman a los 1.300 cursos de formaci\u00f3n que se han organizado en lo que llevamos de a\u00f1o y de los que se han beneficiado 22.000 aragoneses.<\/p>\n\n\n\n<p>Y el Consejo de Gobierno tambi\u00e9n ha aprobado la participaci\u00f3n del 21 al 26 de marzo del a\u00f1o que viene de Arag\u00f3n en la Expo de Dubai en la que estar\u00e1n presentes m\u00e1s de 200 paises.<\/p>\n","protected":false},"excerpt":{"rendered":"<p>El Grupo Inditex va a ampliar las instalaciones que tiene en su centro log\u00edstico de PlaZa, creando un total de 750 empleos entre directos e indirectos.<\/p>\n","protected":false},"author":2,"featured_media":5312,"comment_status":"open","ping_status":"open","sticky":false,"template":"","format":"standard","meta":{"footnotes":""},"categories":[65],"tags":[929,707,95,299,2693,884,1399],"class_list":["post-5310","post","type-post","status-publish","format-standard","has-post-thumbnail","hentry","category-ofertas-de-empleo","tag-929","tag-centro","tag-empleos","tag-inditex","tag-logistico-2","tag-nuevos","tag-plaza"],"amp_enabled":true,"_links":{"self":[{"href":"https:\/\/sucurriculum.com\/noticias\/wp-json\/wp\/v2\/posts\/5310","targetHints":{"allow":["GET"]}}],"collection":[{"href":"https:\/\/sucurriculum.com\/noticias\/wp-json\/wp\/v2\/posts"}],"about":[{"href":"https:\/\/sucurriculum.com\/noticias\/wp-json\/wp\/v2\/types\/post"}],"author":[{"embeddable":true,"href":"https:\/\/sucurriculum.com\/noticias\/wp-json\/wp\/v2\/users\/2"}],"replies":[{"embeddable":true,"href":"https:\/\/sucurriculum.com\/noticias\/wp-json\/wp\/v2\/comments?post=5310"}],"version-history":[{"count":1,"href":"https:\/\/sucurriculum.com\/noticias\/wp-json\/wp\/v2\/posts\/5310\/revisions"}],"predecessor-version":[{"id":5311,"href":"https:\/\/sucurriculum.com\/noticias\/wp-json\/wp\/v2\/posts\/5310\/revisions\/5311"}],"wp:featuredmedia":[{"embeddable":true,"href":"https:\/\/sucurriculum.com\/noticias\/wp-json\/wp\/v2\/media\/5312"}],"wp:attachment":[{"href":"https:\/\/sucurriculum.com\/noticias\/wp-json\/wp\/v2\/media?parent=5310"}],"wp:term":[{"taxonomy":"category","embeddable":true,"href":"https:\/\/sucurriculum.com\/noticias\/wp-json\/wp\/v2\/categories?post=5310"},{"taxonomy":"post_tag","embeddable":true,"href":"https:\/\/sucurriculum.com\/noticias\/wp-json\/wp\/v2\/tags?post=5310"}],"curies":[{"name":"wp","href":"https:\/\/api.w.org\/{rel}","templated":true}]}}