{"id":5304,"date":"2021-10-06T09:49:04","date_gmt":"2021-10-06T07:49:04","guid":{"rendered":"https:\/\/sucurriculum.com\/noticias\/?p=5304"},"modified":"2021-10-06T09:49:05","modified_gmt":"2021-10-06T07:49:05","slug":"se-espera-un-2-de-subida-en-las-pensiones-en-2022","status":"publish","type":"post","link":"https:\/\/sucurriculum.com\/noticias\/se-espera-un-2-de-subida-en-las-pensiones-en-2022\/","title":{"rendered":"Se espera un 2% de subida en las pensiones en 2022"},"content":{"rendered":"\n<p>El conflicto entre Seguridad Social y Hacienda, o al menos es lo que nos han hecho ver, ha sido ganado por los primeros y las pensiones se revalorizar\u00e1n en funci\u00f3n de la media del IPC previsto para este a\u00f1o, en torno al 2%<\/p>\n\n\n\n<p>Otro de los conflicto entre Unidas Podemos y PSOE en la negociaci\u00f3n de los presupuesto a sido la subida de las pensiones, al final se ha llegado a un acuerdo para sacar adelante los presupuesto y entre estos acuerdos las pensiones han sido afectadas con una subida. La revalorizaci\u00f3n de las pensiones lo que implica una subida de las pensiones para 2022 vinculado al incremento de la inflaci\u00f3n media de este ano, que seg\u00fan las estimaciones llegar\u00e1 al 2.2%<\/p>\n\n\n\n<p>La postura defendida tanto por Unidas Podemos como por el ministerio de seguridad social ha gano el pulso.<\/p>\n\n\n\n<p>De momento y hasta noviembre momento en el que se conocer\u00e1 el dato de inflaci\u00f3n de este 2021 no se podr\u00e1 saber la cantidad final de subida, pero todo apunta a que la subida estar\u00e1 en torno al 2%.., por lo que la cantidad no se incluir\u00e1 de forma fija a los presupuesto generales de 2022 al no conocerse la cantidad exacta y ser\u00e1 imposible transpolar un porcentaje exacto<\/p>\n\n\n\n<p>Las pensiones m\u00ednimas y no contributivas subir\u00e1n m\u00e1s que el resto, tal y como adelant\u00f3 el ministro de Seguridad Social, Jos\u00e9 Luis Escriv\u00e1, la semana pasada.<\/p>\n","protected":false},"excerpt":{"rendered":"<p>El conflicto entre Seguridad Social y Hacienda, o al menos es lo que nos han hecho ver, ha sido ganado por los primeros y las pensiones se revalorizar\u00e1n en funci\u00f3n de la media del IPC previsto para este a\u00f1o, en torno al 2%<\/p>\n","protected":false},"author":1,"featured_media":5305,"comment_status":"open","ping_status":"open","sticky":false,"template":"","format":"standard","meta":{"footnotes":""},"categories":[66],"tags":[548,1499],"class_list":["post-5304","post","type-post","status-publish","format-standard","has-post-thumbnail","hentry","category-noticias-actualidad","tag-pensiones","tag-subida"],"amp_enabled":true,"_links":{"self":[{"href":"https:\/\/sucurriculum.com\/noticias\/wp-json\/wp\/v2\/posts\/5304","targetHints":{"allow":["GET"]}}],"collection":[{"href":"https:\/\/sucurriculum.com\/noticias\/wp-json\/wp\/v2\/posts"}],"about":[{"href":"https:\/\/sucurriculum.com\/noticias\/wp-json\/wp\/v2\/types\/post"}],"author":[{"embeddable":true,"href":"https:\/\/sucurriculum.com\/noticias\/wp-json\/wp\/v2\/users\/1"}],"replies":[{"embeddable":true,"href":"https:\/\/sucurriculum.com\/noticias\/wp-json\/wp\/v2\/comments?post=5304"}],"version-history":[{"count":1,"href":"https:\/\/sucurriculum.com\/noticias\/wp-json\/wp\/v2\/posts\/5304\/revisions"}],"predecessor-version":[{"id":5306,"href":"https:\/\/sucurriculum.com\/noticias\/wp-json\/wp\/v2\/posts\/5304\/revisions\/5306"}],"wp:featuredmedia":[{"embeddable":true,"href":"https:\/\/sucurriculum.com\/noticias\/wp-json\/wp\/v2\/media\/5305"}],"wp:attachment":[{"href":"https:\/\/sucurriculum.com\/noticias\/wp-json\/wp\/v2\/media?parent=5304"}],"wp:term":[{"taxonomy":"category","embeddable":true,"href":"https:\/\/sucurriculum.com\/noticias\/wp-json\/wp\/v2\/categories?post=5304"},{"taxonomy":"post_tag","embeddable":true,"href":"https:\/\/sucurriculum.com\/noticias\/wp-json\/wp\/v2\/tags?post=5304"}],"curies":[{"name":"wp","href":"https:\/\/api.w.org\/{rel}","templated":true}]}}