{"id":5301,"date":"2021-10-05T22:45:28","date_gmt":"2021-10-05T20:45:28","guid":{"rendered":"https:\/\/sucurriculum.com\/noticias\/?p=5301"},"modified":"2021-10-05T22:45:28","modified_gmt":"2021-10-05T20:45:28","slug":"el-ejecutivo-propone-una-subida-del-2-el-sueldo-a-los-funcionarios-para-2022","status":"publish","type":"post","link":"https:\/\/sucurriculum.com\/noticias\/el-ejecutivo-propone-una-subida-del-2-el-sueldo-a-los-funcionarios-para-2022\/","title":{"rendered":"El ejecutivo propone una subida del 2% el sueldo a los funcionarios para 2022"},"content":{"rendered":"\n<p><br>El gobierno a traves del Ministerio de Hacienda y Funci\u00f3n P\u00fablica ha propuesto a los sindicales de los funcionarios una subida salarial del 2% para el a\u00f1o 2022. Se ha convocado este martes a los principales sindicatos de los funcionarios p\u00fablicos\u00a0(CC OO, UGT y CSIF) para negociar la subida salarial del pr\u00f3ximo a\u00f1o. Se ha planteado la subida salarial del 2% para el pr\u00f3ximo a\u00f1o. Dada la fuerte subida de la inflaci\u00f3n de las \u00faltimas semanas, la oferta no ha sido recibida con entusiasmo. <\/p>\n\n\n\n<blockquote class=\"wp-block-quote is-layout-flow wp-block-quote-is-layout-flow\"><p>Quiz\u00e1s les gustar\u00eda mejor una subida de 15\u20ac como la que se ha aprobado para el salario m\u00ednimo<\/p><\/blockquote>\n\n\n\n<p>El ministerio ha planteado al mismo tiempo elevar la tasa de reposici\u00f3n, sustituciones por cada jubilaci\u00f3n o bajas, por encima del 100% para todas las categor\u00edas y plazas de funcionariales.<\/p>\n\n\n\n<p>El pasado a\u00f1o, el salario de los funcionario del la administraci\u00f3n general se vio increment\u00f3 gracias a los Presupuestos de 2021 en un 0,9%, seg\u00fan la previsi\u00f3n de inflaci\u00f3n del Gobierno. Ahora a tenor de la inflaci\u00f3n los sindicatos llevan reclamando una subida salarial muy superior. <\/p>\n\n\n\n<p>La inflaci\u00f3n se ha situado por encima del 2% desde mediados de verano y ha cerrado septiembre en el 4%, el mayor nivel desde el inicio de la pandemia que nos ha llevado a esta situaci\u00f3n econ\u00f3mica y financiera. Si terminamos el a\u00f1o en estas cifras el poder adquisitivo de los funcionarios se situara por encima de 3 puntos.<\/p>\n\n\n\n<p>As\u00ed pues los sindicatos entienden que el 2% propuestas de subida por el gobierno est\u00e1 muy lejos de sus propuestas.<\/p>\n\n\n\n<p>Qu\u00e9 te parece la medida&#8230; esperamos tus comentarios???<\/p>\n","protected":false},"excerpt":{"rendered":"<p>El gobierno a traves del Ministerio de Hacienda y Funci\u00f3n P\u00fablica ha propuesto a los sindicales de los funcionarios una subida salarial del 2% para el a\u00f1o 2022. Se ha convocado este martes a los principales sindicatos de los funcionarios p\u00fablicos\u00a0(CC OO, UGT y CSIF) para negociar la subida salarial del pr\u00f3ximo a\u00f1o. Se ha planteado la subida salarial del 2% para el pr\u00f3ximo a\u00f1o. Dada la fuerte subida de la inflaci\u00f3n de las \u00faltimas semanas, la oferta no ha sido recibida con entusiasmo. <\/p>\n","protected":false},"author":1,"featured_media":5302,"comment_status":"open","ping_status":"open","sticky":false,"template":"","format":"standard","meta":{"footnotes":""},"categories":[2],"tags":[1264,2690,56],"class_list":["post-5301","post","type-post","status-publish","format-standard","has-post-thumbnail","hentry","category-noticias","tag-funcionarios","tag-subida-salarial","tag-sueldo"],"amp_enabled":true,"_links":{"self":[{"href":"https:\/\/sucurriculum.com\/noticias\/wp-json\/wp\/v2\/posts\/5301","targetHints":{"allow":["GET"]}}],"collection":[{"href":"https:\/\/sucurriculum.com\/noticias\/wp-json\/wp\/v2\/posts"}],"about":[{"href":"https:\/\/sucurriculum.com\/noticias\/wp-json\/wp\/v2\/types\/post"}],"author":[{"embeddable":true,"href":"https:\/\/sucurriculum.com\/noticias\/wp-json\/wp\/v2\/users\/1"}],"replies":[{"embeddable":true,"href":"https:\/\/sucurriculum.com\/noticias\/wp-json\/wp\/v2\/comments?post=5301"}],"version-history":[{"count":1,"href":"https:\/\/sucurriculum.com\/noticias\/wp-json\/wp\/v2\/posts\/5301\/revisions"}],"predecessor-version":[{"id":5303,"href":"https:\/\/sucurriculum.com\/noticias\/wp-json\/wp\/v2\/posts\/5301\/revisions\/5303"}],"wp:featuredmedia":[{"embeddable":true,"href":"https:\/\/sucurriculum.com\/noticias\/wp-json\/wp\/v2\/media\/5302"}],"wp:attachment":[{"href":"https:\/\/sucurriculum.com\/noticias\/wp-json\/wp\/v2\/media?parent=5301"}],"wp:term":[{"taxonomy":"category","embeddable":true,"href":"https:\/\/sucurriculum.com\/noticias\/wp-json\/wp\/v2\/categories?post=5301"},{"taxonomy":"post_tag","embeddable":true,"href":"https:\/\/sucurriculum.com\/noticias\/wp-json\/wp\/v2\/tags?post=5301"}],"curies":[{"name":"wp","href":"https:\/\/api.w.org\/{rel}","templated":true}]}}