{"id":5286,"date":"2021-10-04T11:08:47","date_gmt":"2021-10-04T09:08:47","guid":{"rendered":"https:\/\/sucurriculum.com\/noticias\/?p=5286"},"modified":"2021-10-04T11:08:47","modified_gmt":"2021-10-04T09:08:47","slug":"el-escorial-abre-un-proceso-para-operarios-de-servicios-multiples","status":"publish","type":"post","link":"https:\/\/sucurriculum.com\/noticias\/el-escorial-abre-un-proceso-para-operarios-de-servicios-multiples\/","title":{"rendered":"El Escorial abre un proceso para operarios de servicios m\u00faltiples"},"content":{"rendered":"\n<p>El Ayuntamiento de El Escorial ha convocado un proceso selectivo para la contrataci\u00f3n temporal de operarios de servicios m\u00faltiples. Los interesados podr\u00e1n presentar sus instancias desde el viernes 1, hasta el lunes 11 de octubre, ambos inclusive.<\/p>\n\n\n\n<p>Las bases que regulan el proceso de selecci\u00f3n por concurso fueron aprobadas mediante el acuerdo de la Junta de Gobierno Local el pasado mi\u00e9rcoles 29 de septiembre. Tanto las bases como la solicitud de participaci\u00f3n se pueden encontrar en el tabl\u00f3n de anuncios de la Sede Electr\u00f3nica, en la p\u00e1gina web <a href=\"http:\/\/www.elescorial.es\">www.elescorial.es<\/a> y f\u00edsicamente en las dependencias del Ayuntamiento.<\/p>\n\n\n\n<h6 class=\"wp-block-heading\">Cubrir necesidades de forma temporal<\/h6>\n\n\n\n<p>\u201cAbrimos esta convocatoria para cubrir de forma temporal las necesidades municipales que puedan presentarse por diversos motivos. Asimismo, seguimos trabajando para poner en marcha un plan de empleo municipal para facilitar el acceso laboral a los vecinos\u201d, se\u00f1ala la edil de Empleo, Mar\u00eda del Mar Hern\u00e1ndez.<\/p>\n\n\n\n<p>Ante cualquier duda o consulta, se puede contactar con el Consistorio en el tel\u00e9fono 91 890 10 80 o a trav\u00e9s del correo electr\u00f3nico en la direcci\u00f3n atencionalaciudadania@aytoescorial.org.<\/p>\n","protected":false},"excerpt":{"rendered":"<p>Los interesados podr\u00e1n presentar sus instancias desde el viernes 1, hasta el lunes 11 de octubre, ambos inclusive.<\/p>\n","protected":false},"author":2,"featured_media":5287,"comment_status":"open","ping_status":"open","sticky":false,"template":"","format":"standard","meta":{"footnotes":""},"categories":[65],"tags":[655,2685,2687,1977,2686,990],"class_list":["post-5286","post","type-post","status-publish","format-standard","has-post-thumbnail","hentry","category-ofertas-de-empleo","tag-abre","tag-escorial","tag-multiples","tag-operarios","tag-proceso","tag-servicios"],"amp_enabled":true,"_links":{"self":[{"href":"https:\/\/sucurriculum.com\/noticias\/wp-json\/wp\/v2\/posts\/5286","targetHints":{"allow":["GET"]}}],"collection":[{"href":"https:\/\/sucurriculum.com\/noticias\/wp-json\/wp\/v2\/posts"}],"about":[{"href":"https:\/\/sucurriculum.com\/noticias\/wp-json\/wp\/v2\/types\/post"}],"author":[{"embeddable":true,"href":"https:\/\/sucurriculum.com\/noticias\/wp-json\/wp\/v2\/users\/2"}],"replies":[{"embeddable":true,"href":"https:\/\/sucurriculum.com\/noticias\/wp-json\/wp\/v2\/comments?post=5286"}],"version-history":[{"count":1,"href":"https:\/\/sucurriculum.com\/noticias\/wp-json\/wp\/v2\/posts\/5286\/revisions"}],"predecessor-version":[{"id":5288,"href":"https:\/\/sucurriculum.com\/noticias\/wp-json\/wp\/v2\/posts\/5286\/revisions\/5288"}],"wp:featuredmedia":[{"embeddable":true,"href":"https:\/\/sucurriculum.com\/noticias\/wp-json\/wp\/v2\/media\/5287"}],"wp:attachment":[{"href":"https:\/\/sucurriculum.com\/noticias\/wp-json\/wp\/v2\/media?parent=5286"}],"wp:term":[{"taxonomy":"category","embeddable":true,"href":"https:\/\/sucurriculum.com\/noticias\/wp-json\/wp\/v2\/categories?post=5286"},{"taxonomy":"post_tag","embeddable":true,"href":"https:\/\/sucurriculum.com\/noticias\/wp-json\/wp\/v2\/tags?post=5286"}],"curies":[{"name":"wp","href":"https:\/\/api.w.org\/{rel}","templated":true}]}}