{"id":5267,"date":"2021-09-22T08:52:23","date_gmt":"2021-09-22T06:52:23","guid":{"rendered":"https:\/\/sucurriculum.com\/noticias\/?p=5267"},"modified":"2021-09-22T08:52:24","modified_gmt":"2021-09-22T06:52:24","slug":"costco-de-sestao-contratara-131-personas","status":"publish","type":"post","link":"https:\/\/sucurriculum.com\/noticias\/costco-de-sestao-contratara-131-personas\/","title":{"rendered":"Costco de Sestao contratar\u00e1 131 personas"},"content":{"rendered":"\n<p>La cadena de grandes almacenes norteamericana, Costco, desembarcar\u00e1 en Sestao a finales de a\u00f1o, en concreto en el pol\u00edgono de Ibarzaharra, un espacio de casi 200.000 metros cuadrados de superficie que anta\u00f1o estuvo ocupado por la compa\u00f1\u00eda Babcock &amp; Wilcox y que actualmente se est\u00e1 urbanizado para albergar nuevas actividades econ\u00f3micas. Las obras de construcci\u00f3n del pabell\u00f3n que ocupar\u00e1 Costco comenzaron en agosto, tras obtener la licencia municipal a finales de julio.<\/p>\n\n\n\n<p>De forma paralela, la compa\u00f1\u00eda ha empezado a perfilar su plantilla y crear\u00e1 131 puestos de trabajo que completar\u00e1 con trabajadores que promocionar\u00e1n desde los otros centros de trabajo que tiene en Espa\u00f1a. \u00abSomos conscientes de que no podemos obligarles a hacerlo y que al final la empresa contratar\u00e1 a aquellas personas que considere m\u00e1s v\u00e1lidas para desempe\u00f1ar el trabajo\u00bb, ha recordado la alcaldesa, Ainhoa Basabe, \u00abpero les hemos pedido insistentemente que contraten a personas de la localidad\u00bb, ha a\u00f1adido. Por otro lado, \u00abvemos con buenos ojos que vengan empleados de otros puntos del pa\u00eds porque es una manera de darle vida y beneficio a la localidad\u00bb, ha indicado.<\/p>\n\n\n\n<p>Por lo tanto, a trav\u00e9s de un acuerdo entre el Ayuntamiento y la compa\u00f1\u00eda, el Behargintza -el centro de empleo municipal- se est\u00e1 encargando de enviar las candidaturas de desempleados inscritos en su base de datos. \u00abTambi\u00e9n les vamos a ayudar a preparar las entrevistas grupales e individuales que realiza la empresa\u00bb, ha comentado el concejal de Empleo, Jes\u00fas Amenedo.<\/p>\n\n\n\n<p>Con el objetivo de reducir la tasa de desempleo en Sestao, que alcanza el 18%, \u00abnos gustar\u00eda que de esos puestos la mayor\u00eda los cubriesen nuestros vecinos, pero todo depende de la empresa\u00bb, ha dicho Amenedo quien ha especificado que habr\u00e1 perfiles profesionales muy variados, desde reponedores, cajeros, asistentes de gasolinera, carretilleros, o recepcionistas hasta personas que cocinen sushi, carniceros reposteros o personal para la \u00f3ptica, entre otros. Del mismo modo los contratos podr\u00e1n ser de 40 horas, 25 o 15 horas. Quienes est\u00e9n interesados en inscribirse en las ofertas de empleo tendr\u00e1n que registrarse en la p\u00e1gina web de Costco y contactar con el Behargintza.<\/p>\n","protected":false},"excerpt":{"rendered":"<p>La compa\u00f1\u00eda ha empezado a perfilar su plantilla y crear\u00e1 131 empleos que completar\u00e1 con trabajadores que promocionar\u00e1n desde los otros centros.<\/p>\n","protected":false},"author":2,"featured_media":5268,"comment_status":"open","ping_status":"open","sticky":false,"template":"","format":"standard","meta":{"footnotes":""},"categories":[65],"tags":[2679,1023,709,264,2678],"class_list":["post-5267","post","type-post","status-publish","format-standard","has-post-thumbnail","hentry","category-ofertas-de-empleo","tag-2679","tag-contratara","tag-costco","tag-personas","tag-sestao"],"amp_enabled":true,"_links":{"self":[{"href":"https:\/\/sucurriculum.com\/noticias\/wp-json\/wp\/v2\/posts\/5267","targetHints":{"allow":["GET"]}}],"collection":[{"href":"https:\/\/sucurriculum.com\/noticias\/wp-json\/wp\/v2\/posts"}],"about":[{"href":"https:\/\/sucurriculum.com\/noticias\/wp-json\/wp\/v2\/types\/post"}],"author":[{"embeddable":true,"href":"https:\/\/sucurriculum.com\/noticias\/wp-json\/wp\/v2\/users\/2"}],"replies":[{"embeddable":true,"href":"https:\/\/sucurriculum.com\/noticias\/wp-json\/wp\/v2\/comments?post=5267"}],"version-history":[{"count":1,"href":"https:\/\/sucurriculum.com\/noticias\/wp-json\/wp\/v2\/posts\/5267\/revisions"}],"predecessor-version":[{"id":5269,"href":"https:\/\/sucurriculum.com\/noticias\/wp-json\/wp\/v2\/posts\/5267\/revisions\/5269"}],"wp:featuredmedia":[{"embeddable":true,"href":"https:\/\/sucurriculum.com\/noticias\/wp-json\/wp\/v2\/media\/5268"}],"wp:attachment":[{"href":"https:\/\/sucurriculum.com\/noticias\/wp-json\/wp\/v2\/media?parent=5267"}],"wp:term":[{"taxonomy":"category","embeddable":true,"href":"https:\/\/sucurriculum.com\/noticias\/wp-json\/wp\/v2\/categories?post=5267"},{"taxonomy":"post_tag","embeddable":true,"href":"https:\/\/sucurriculum.com\/noticias\/wp-json\/wp\/v2\/tags?post=5267"}],"curies":[{"name":"wp","href":"https:\/\/api.w.org\/{rel}","templated":true}]}}