{"id":5096,"date":"2021-08-12T10:11:39","date_gmt":"2021-08-12T08:11:39","guid":{"rendered":"https:\/\/sucurriculum.com\/noticias\/?p=5096"},"modified":"2021-08-12T10:11:40","modified_gmt":"2021-08-12T08:11:40","slug":"ouigo-contratara-12-maquinistas-y-30-personas-para-trabajar-en-cafeteria","status":"publish","type":"post","link":"https:\/\/sucurriculum.com\/noticias\/ouigo-contratara-12-maquinistas-y-30-personas-para-trabajar-en-cafeteria\/","title":{"rendered":"Ouigo contratar\u00e1 12 Maquinistas y 30 personas para trabajar en cafeter\u00eda"},"content":{"rendered":"\n<p>Ouigo, la filial espa\u00f1ola de bajo coste de SNCF, prepara su desembarco en la v\u00eda que une Madrid con el Levante. La compa\u00f1\u00eda de origen franc\u00e9s aumentar\u00e1 su plantilla para llegar a destinos como Valencia, incluidos en los acuerdos marco firmados con Adif hace m\u00e1s de un a\u00f1o, antes de que termine este ejercicio.<\/p>\n\n\n\n<p>En concreto, la compa\u00f1\u00eda fichar\u00e1 a 12 maquinistas, para los que ya ha comenzado el proceso de selecci\u00f3n. Una vez tengan la lista de elegidos, comenzar\u00e1n un periodo de formaci\u00f3n para desarrollar el trabajo diario con los Alstom Euroduplex de dos pisos con los que cubrir\u00e1n el trayecto entre Madrid y la ciudad del Turia.<\/p>\n\n\n\n<p>Por otro lado, en las pr\u00f3ximas semanas comenzar\u00e1 el proceso de selecci\u00f3n de los tripulantes que formar\u00e1n parte de la compa\u00f1\u00eda. En este caso se tratar\u00e1 de 30 personas que desarrollar\u00e1n, entre otras actividades, la venta en la cafeter\u00eda de los trenes.<\/p>\n\n\n\n<p>Estos nuevos trabajadores se unir\u00e1n a los 135 con los que cuenta en la actualidad la compa\u00f1\u00eda en nuestro pa\u00eds de forma directa y a los m\u00e1s de 1.300 entre directos e indirectos. Aqu\u00ed os dejamos un <a href=\"https:\/\/www.ouigo.com\/es\/actualidad\/unete-al-equipo\">enlace a la web de empleo<\/a> de la compa\u00f1\u00eda.<\/p>\n\n\n\n<h6 class=\"wp-block-heading\">Empezar a operar este a\u00f1o<\/h6>\n\n\n\n<p>El objetivo de Ouigo es empezar a operar la conexi\u00f3n entre Madrid y Valencia este mismo a\u00f1o, si bien el ramal que llegar\u00e1 hasta Alicante tendr\u00e1 que esperar unos meses m\u00e1s.<\/p>\n\n\n\n<p>En concreto, la compa\u00f1\u00eda gala ya ha finalizado los test de seguridad de este trayecto y solo est\u00e1 a expensas de recibir el visto bueno definitivo para poner una fecha concreta para empezar a operar, autorizaci\u00f3n que, presumiblemente, llegar\u00e1 despu\u00e9s de verano.<\/p>\n\n\n\n<p>El caso de la l\u00ednea que llegar\u00e1 hasta Alicante es m\u00e1s complejo y retrasar\u00e1 la entrada de la competencia. El sistema de seguridad que se utiliza en la conexi\u00f3n de esta zona no es el mismo que el del resto de las v\u00edas nacionales -a excepci\u00f3n de la que une la capital con Sevilla, que utiliza LZB- y obliga a una homologaci\u00f3n m\u00e1s larga y costosa para los operadores que quieran rivalizar con Renfe.<\/p>\n\n\n\n<p>M\u00e1s all\u00e1 de las conexiones con el Levante, el siguiente paso de Ouigo ser\u00e1 llegar a Andaluc\u00eda a trav\u00e9s de las conexiones con Sevilla y M\u00e1laga.<\/p>\n","protected":false},"excerpt":{"rendered":"<p>La Compa\u00f1\u00eda fichar\u00e1 12 maquinistas y 30 personas para trabajar en la cafeter\u00eda.<\/p>\n","protected":false},"author":2,"featured_media":5097,"comment_status":"open","ping_status":"open","sticky":false,"template":"","format":"standard","meta":{"footnotes":""},"categories":[65],"tags":[1545,231,2637,1653,1532,1623,264,24],"class_list":["post-5096","post","type-post","status-publish","format-standard","has-post-thumbnail","hentry","category-ofertas-de-empleo","tag-1545","tag-231","tag-cafeteria","tag-contratara-2","tag-maquinistas","tag-ouigo","tag-personas","tag-trabajar"],"amp_enabled":true,"_links":{"self":[{"href":"https:\/\/sucurriculum.com\/noticias\/wp-json\/wp\/v2\/posts\/5096","targetHints":{"allow":["GET"]}}],"collection":[{"href":"https:\/\/sucurriculum.com\/noticias\/wp-json\/wp\/v2\/posts"}],"about":[{"href":"https:\/\/sucurriculum.com\/noticias\/wp-json\/wp\/v2\/types\/post"}],"author":[{"embeddable":true,"href":"https:\/\/sucurriculum.com\/noticias\/wp-json\/wp\/v2\/users\/2"}],"replies":[{"embeddable":true,"href":"https:\/\/sucurriculum.com\/noticias\/wp-json\/wp\/v2\/comments?post=5096"}],"version-history":[{"count":1,"href":"https:\/\/sucurriculum.com\/noticias\/wp-json\/wp\/v2\/posts\/5096\/revisions"}],"predecessor-version":[{"id":5098,"href":"https:\/\/sucurriculum.com\/noticias\/wp-json\/wp\/v2\/posts\/5096\/revisions\/5098"}],"wp:featuredmedia":[{"embeddable":true,"href":"https:\/\/sucurriculum.com\/noticias\/wp-json\/wp\/v2\/media\/5097"}],"wp:attachment":[{"href":"https:\/\/sucurriculum.com\/noticias\/wp-json\/wp\/v2\/media?parent=5096"}],"wp:term":[{"taxonomy":"category","embeddable":true,"href":"https:\/\/sucurriculum.com\/noticias\/wp-json\/wp\/v2\/categories?post=5096"},{"taxonomy":"post_tag","embeddable":true,"href":"https:\/\/sucurriculum.com\/noticias\/wp-json\/wp\/v2\/tags?post=5096"}],"curies":[{"name":"wp","href":"https:\/\/api.w.org\/{rel}","templated":true}]}}