{"id":5093,"date":"2021-08-11T12:27:01","date_gmt":"2021-08-11T10:27:01","guid":{"rendered":"https:\/\/sucurriculum.com\/noticias\/?p=5093"},"modified":"2021-08-11T12:27:02","modified_gmt":"2021-08-11T10:27:02","slug":"348-profesionales-se-incorporaran-como-personal-fijo-al-servicio-andaluz-de-salud","status":"publish","type":"post","link":"https:\/\/sucurriculum.com\/noticias\/348-profesionales-se-incorporaran-como-personal-fijo-al-servicio-andaluz-de-salud\/","title":{"rendered":"348 profesionales se incorporar\u00e1n como personal fijo al Servicio Andaluz de Salud"},"content":{"rendered":"\n<p>348 profesionales optan a obtener plaza fija en el Servicio Andaluz de Salud (SAS) tras la finalizaci\u00f3n del plazo de toma de posesi\u00f3n de la \u00faltima Oferta de Empleo P\u00fablico correspondiente a 2016, 2017 y el proceso extraordinario de estabilizaci\u00f3n.<\/p>\n\n\n\n<p>Son plazas que han quedado libres al no ser ocupadas, por los profesionales que las hab\u00edan obtenido en el concurso-oposici\u00f3n y que se ofertan ahora a los candidatos que les siguen en el listado.<\/p>\n\n\n\n<p>El Servicio Andaluz de Salud (SAS) aplica esta medida con el objetivo de estabilizar al mayor n\u00famero de profesionales posible y continuar mejorando las condiciones laborales de los profesionales, ha informado la Consejer\u00eda de Salud en un comunicado, siempre pensando en ofrecer el mejor servicio p\u00fablico sanitario en Andaluc\u00eda<\/p>\n\n\n\n<p>En total, se ofertar\u00e1n plazas de 63 categor\u00edas entre las que se encuentran: 50 de t\u00e9cnicos en Cuidados Auxiliares de Enfermer\u00eda, 32 de Enfermer\u00eda, 30 de Medicina de Familia en Unidades de Urgencias hospitalarias, 23 de celadores y 23 tambi\u00e9n de pinches.<\/p>\n\n\n\n<p>Junto a estas habr\u00e1 15 de Medicina de Familia de Atenci\u00f3n Primaria, 15 de facultativos especialistas de \u00e1rea de Anestesiolog\u00eda y Reanimaci\u00f3n, 12 de Cirug\u00eda General y Aparato Digestivo, 12 de t\u00e9cnicos especialistas en Radiodiagn\u00f3stico, 11 para facultativos especialistas en Cirug\u00eda Ortop\u00e9dica y Trauma y 8 para t\u00e9cnicos especialistas en Radioterapia, entre otros.<\/p>\n\n\n\n<p>El SAS ha iniciado ya una nueva Oferta de Empleo P\u00fablico que supondr\u00e1 ofertar m\u00e1s de 15.541 plazas al agrupar las correspondientes a los a\u00f1os 2018, 2019, 2020 y 2021.<\/p>\n\n\n\n<p>De este total de plazas, 12.313 ser\u00e1n de acceso libre y 3.228 por promoci\u00f3n interna.<\/p>\n\n\n\n<p>Un total de 77.294 personas se han inscrito para participar en los primeros ex\u00e1menes de esta nueva oferta, cuyas primeras pruebas se realizar\u00e1n en octubre. EFE<\/p>\n","protected":false},"excerpt":{"rendered":"<p>348 profesionales optan a obtener plaza fija en el Servicio Andaluz de Salud (SAS) tras la finalizaci\u00f3n del plazo de toma de posesi\u00f3n de la \u00faltima Oferta de Empleo P\u00fablico correspondiente a 2016, 2017 y el proceso extraordinario de estabilizaci\u00f3n.<\/p>\n","protected":false},"author":1,"featured_media":5094,"comment_status":"open","ping_status":"open","sticky":false,"template":"","format":"standard","meta":{"footnotes":""},"categories":[620,2,65],"tags":[2635,737,2636],"class_list":["post-5093","post","type-post","status-publish","format-standard","has-post-thumbnail","hentry","category-empleo-publico","category-noticias","category-ofertas-de-empleo","tag-empleo-publico","tag-sas","tag-servicio-andaluz-de-salud"],"amp_enabled":true,"_links":{"self":[{"href":"https:\/\/sucurriculum.com\/noticias\/wp-json\/wp\/v2\/posts\/5093","targetHints":{"allow":["GET"]}}],"collection":[{"href":"https:\/\/sucurriculum.com\/noticias\/wp-json\/wp\/v2\/posts"}],"about":[{"href":"https:\/\/sucurriculum.com\/noticias\/wp-json\/wp\/v2\/types\/post"}],"author":[{"embeddable":true,"href":"https:\/\/sucurriculum.com\/noticias\/wp-json\/wp\/v2\/users\/1"}],"replies":[{"embeddable":true,"href":"https:\/\/sucurriculum.com\/noticias\/wp-json\/wp\/v2\/comments?post=5093"}],"version-history":[{"count":1,"href":"https:\/\/sucurriculum.com\/noticias\/wp-json\/wp\/v2\/posts\/5093\/revisions"}],"predecessor-version":[{"id":5095,"href":"https:\/\/sucurriculum.com\/noticias\/wp-json\/wp\/v2\/posts\/5093\/revisions\/5095"}],"wp:featuredmedia":[{"embeddable":true,"href":"https:\/\/sucurriculum.com\/noticias\/wp-json\/wp\/v2\/media\/5094"}],"wp:attachment":[{"href":"https:\/\/sucurriculum.com\/noticias\/wp-json\/wp\/v2\/media?parent=5093"}],"wp:term":[{"taxonomy":"category","embeddable":true,"href":"https:\/\/sucurriculum.com\/noticias\/wp-json\/wp\/v2\/categories?post=5093"},{"taxonomy":"post_tag","embeddable":true,"href":"https:\/\/sucurriculum.com\/noticias\/wp-json\/wp\/v2\/tags?post=5093"}],"curies":[{"name":"wp","href":"https:\/\/api.w.org\/{rel}","templated":true}]}}