{"id":4812,"date":"2021-06-17T09:43:28","date_gmt":"2021-06-17T07:43:28","guid":{"rendered":"https:\/\/sucurriculum.com\/noticias\/?p=4812"},"modified":"2021-06-17T09:43:29","modified_gmt":"2021-06-17T07:43:29","slug":"renfe-convoca-305-plazas-publicas","status":"publish","type":"post","link":"https:\/\/sucurriculum.com\/noticias\/renfe-convoca-305-plazas-publicas\/","title":{"rendered":"Renfe convoca 305 plazas p\u00fablicas"},"content":{"rendered":"\n<p>Renfe ha abierto una convocatoria de empleo p\u00fablico para contratar a 305 operadores comerciales, siendo 17 plazas reservadas para personas con discapacidad, seg\u00fan ha publicado la operadora en su p\u00e1gina web.<\/p>\n\n\n\n<p>La compa\u00f1\u00eda ha indicado que 55 plazas ser\u00e1n para trabajar en Catalu\u00f1a \u20144 reservadas a personas discapacitadas\u2014 y las 250 restantes para el resto de Espa\u00f1a \u201413 plazas destinadas a discapacitados\u2014.<\/p>\n\n\n\n<p>Los aspirantes a estos puestos de trabajo, que pueden presentarse a la convocatoria hasta el 25 de junio, deben contar al menos con una titulaci\u00f3n equivalente al Bachillerato y estar dispuestos a trabajar a turnos y con movilidad geogr\u00e1fica.<\/p>\n\n\n\n<p>Adem\u00e1s de la experiencia de trabajo en Renfe, la operadora valorar\u00e1 el conocimiento de ingl\u00e9s, franc\u00e9s y alem\u00e1n, as\u00ed como de catal\u00e1n en la oferta para esa comunidad aut\u00f3noma.<\/p>\n\n\n\n<p>La empresa ha comunicado que la convocatoria est\u00e1 dirigida al ingreso de nuevo \u00abpersonal laboral fijo\u00bb y ha indicado que \u00abpromover\u00e1n el equilibrio de g\u00e9nero, fomentando en lo posible el incremento de g\u00e9nero subrepresentado dentro de su plantilla\u00bb.<\/p>\n\n\n\n<p>La compa\u00f1\u00eda ferroviaria ha instado a los candidatos a acudir a la secci\u00f3n &#8216;Empleo y Talento&#8217; para presentar sus solicitudes y para permanecer atentos a posibles nuevas ofertas de empleo u otras que todav\u00eda est\u00e1n vigentes.<\/p>\n\n\n\n<p>En lo referente a los candidatos con discapacidad, deben indicar su minusval\u00eda en el apartado \u00abGrado minusval\u00eda igual o superior al 33 %\u00bb, indicando si precisan o no de adaptaci\u00f3n especial.<\/p>\n\n\n\n<p>Los candidatos deber\u00e1n realizar un abono econ\u00f3mico en concepto de \u00abderechos de participaci\u00f3n\u00bb, que ascender\u00e1 a quince euros, y se denegar\u00e1n y excluir\u00e1n del proceso las inscripciones que no realicen el citado ingreso, seg\u00fan ha indicado la compa\u00f1\u00eda en la convocatoria de empleo.<\/p>\n\n\n\n<p>Estos puestos de trabajo tendr\u00e1n como referencia las condiciones laborales y retributivas establecidas en el Convenio Colectivo del Grupo Renfe. Aqu\u00ed pod\u00e9is consultar las <a href=\"https:\/\/www.renfe.com\/es\/es\/grupo-renfe\/talento-y-personas\/empleo\/operador-comercial-de-ingresoN2\/bases-convocatoria\">bases de la convocatoria<\/a>.<\/p>\n","protected":false},"excerpt":{"rendered":"<p>Renfe ha abierto una convocatoria de empleo p\u00fablico para contratar a 305 operadores comerciales, siendo 17 plazas reservadas para personas con discapacidad.<\/p>\n","protected":false},"author":2,"featured_media":4813,"comment_status":"open","ping_status":"open","sticky":false,"template":"","format":"standard","meta":{"footnotes":""},"categories":[620],"tags":[2528,618,2529,1133],"class_list":["post-4812","post","type-post","status-publish","format-standard","has-post-thumbnail","hentry","category-empleo-publico","tag-2528","tag-plazas","tag-publicas","tag-renfe"],"amp_enabled":true,"_links":{"self":[{"href":"https:\/\/sucurriculum.com\/noticias\/wp-json\/wp\/v2\/posts\/4812","targetHints":{"allow":["GET"]}}],"collection":[{"href":"https:\/\/sucurriculum.com\/noticias\/wp-json\/wp\/v2\/posts"}],"about":[{"href":"https:\/\/sucurriculum.com\/noticias\/wp-json\/wp\/v2\/types\/post"}],"author":[{"embeddable":true,"href":"https:\/\/sucurriculum.com\/noticias\/wp-json\/wp\/v2\/users\/2"}],"replies":[{"embeddable":true,"href":"https:\/\/sucurriculum.com\/noticias\/wp-json\/wp\/v2\/comments?post=4812"}],"version-history":[{"count":1,"href":"https:\/\/sucurriculum.com\/noticias\/wp-json\/wp\/v2\/posts\/4812\/revisions"}],"predecessor-version":[{"id":4814,"href":"https:\/\/sucurriculum.com\/noticias\/wp-json\/wp\/v2\/posts\/4812\/revisions\/4814"}],"wp:featuredmedia":[{"embeddable":true,"href":"https:\/\/sucurriculum.com\/noticias\/wp-json\/wp\/v2\/media\/4813"}],"wp:attachment":[{"href":"https:\/\/sucurriculum.com\/noticias\/wp-json\/wp\/v2\/media?parent=4812"}],"wp:term":[{"taxonomy":"category","embeddable":true,"href":"https:\/\/sucurriculum.com\/noticias\/wp-json\/wp\/v2\/categories?post=4812"},{"taxonomy":"post_tag","embeddable":true,"href":"https:\/\/sucurriculum.com\/noticias\/wp-json\/wp\/v2\/tags?post=4812"}],"curies":[{"name":"wp","href":"https:\/\/api.w.org\/{rel}","templated":true}]}}