{"id":4808,"date":"2021-06-16T09:19:38","date_gmt":"2021-06-16T07:19:38","guid":{"rendered":"https:\/\/sucurriculum.com\/noticias\/?p=4808"},"modified":"2021-06-17T10:08:55","modified_gmt":"2021-06-17T08:08:55","slug":"easyjet-generara-100-empleos-en-malaga","status":"publish","type":"post","link":"https:\/\/sucurriculum.com\/noticias\/easyjet-generara-100-empleos-en-malaga\/","title":{"rendered":"EasyJet generar\u00e1 100 empleos en M\u00e1laga"},"content":{"rendered":"\n<p>EasyJet cuenta ya con casa en el Aeropuerto de M\u00e1laga-Costa del Sol. La aerol\u00ednea ha inaugurado este martes su nueva base estacional, la tercera en Espa\u00f1a junto a sus plantas de Barcelona y Palma de Mallorca. La apertura permitir\u00e1 responder al incremento de la demanda con la reactivaci\u00f3n del turismo en Europa.<\/p>\n\n\n\n<p>La tradicional llegada del avi\u00f3n y el corte de cinta han contado con el director general de EasyJet para el sur de Europa, Javier G\u00e1ndara; el director del aeropuerto de M\u00e1laga-Costa del Sol, Pedro Bendala, o el alcalde de M\u00e1laga, Francisco de la Torre, entre otras autoridades.<\/p>\n\n\n\n<p>La aerol\u00ednea cuenta ahora con 12 aviones basados en Espa\u00f1a que generan unos 400 puestos de trabajo locales. EasyJet es la segunda aerol\u00ednea en M\u00e1laga, destino que unir\u00e1 del 29 de junio al 30 de octubre con Birmingham. En la nueva base, operativa desde el 1 de junio, la empresa aguardar\u00e1 tres aviones.<\/p>\n\n\n\n<p>Por su parte, Javier G\u00e1ndara ha reconocido la importancia de la capital malague\u00f1a para la aerol\u00ednea. \u00abM\u00e1laga era hasta ahora el destino m\u00e1s popular de nuestra red que a\u00fan no contaba con base. Es una oportunidad para ampliar nuestras operaciones en el pa\u00eds, donde somos la cuarta aerol\u00ednea\u00bb, ha a\u00f1adido en la posterior mesa redonda &#8216;Reinventando el turismo&#8217;.<\/p>\n\n\n\n<p>\u00abCon Europa abri\u00e9ndose a los viajes progresivamente, sabemos que hay demanda para viajar y tenemos la flexibilidad para incrementar nuestras operaciones. Una base estacional nos proporciona una soluci\u00f3n que se adapta perfectamente a las necesidades del mercado\u00bb, ha explicado hoy en M\u00e1laga el director general de EasyJet para el sur de Europa.<\/p>\n\n\n\n<h6 class=\"wp-block-heading\">2,5 millones de pasajeros<\/h6>\n\n\n\n<p>EasyJet traslad\u00f3 desde M\u00e1laga a 2,5 millones de pasajeros en 2019 y, con esta apertura, la ciudad aspira a seguir creciendo en materia de turismo con la empresa. As\u00ed lo ha indicado el alcalde de la ciudad que ha destacado que la apertura \u00abes un indicador claro de que la l\u00ednea a\u00e9rea apuesta por el destino\u00bb. \u00abTiene expectativas de crecimiento e invierte en ello\u00bb.<\/p>\n\n\n\n<p>La oferta de plazas a\u00e9reas hacia el destino M\u00e1laga Costa del Sol para viajes de junio a septiembre roza los cuatro millones, con 3.429.077 plazas. Esta cifra supone un 101,6% m\u00e1s respecto al pasado a\u00f1o, seg\u00fan ha informado el presidente de la Diputaci\u00f3n de M\u00e1laga, Francisco Salado.<\/p>\n\n\n\n<p>Cabe recordar que EasyJet es la aerol\u00ednea l\u00edder en Europa que en 2019 transport\u00f3 a m\u00e1s de 96 millones de pasajeros, m\u00e1s de 16 millones por negocios. Opera cerca de 1.000 rutas en m\u00e1s de 150 aeropuertos de 35 pa\u00edses con una flota de m\u00e1s de 300 aviones.<\/p>\n","protected":false},"excerpt":{"rendered":"<p>La aerol\u00ednea cuenta ahora con 12 aviones en Espa\u00f1a que generan unos 400 puestos de trabajo locales. <\/p>\n","protected":false},"author":2,"featured_media":4818,"comment_status":"open","ping_status":"open","sticky":false,"template":"","format":"standard","meta":{"footnotes":""},"categories":[65],"tags":[130,2172,2527,95,497,445],"class_list":["post-4808","post","type-post","status-publish","format-standard","has-post-thumbnail","hentry","category-ofertas-de-empleo","tag-130","tag-base","tag-easyjet","tag-empleos","tag-malaga","tag-nueva"],"amp_enabled":true,"_links":{"self":[{"href":"https:\/\/sucurriculum.com\/noticias\/wp-json\/wp\/v2\/posts\/4808","targetHints":{"allow":["GET"]}}],"collection":[{"href":"https:\/\/sucurriculum.com\/noticias\/wp-json\/wp\/v2\/posts"}],"about":[{"href":"https:\/\/sucurriculum.com\/noticias\/wp-json\/wp\/v2\/types\/post"}],"author":[{"embeddable":true,"href":"https:\/\/sucurriculum.com\/noticias\/wp-json\/wp\/v2\/users\/2"}],"replies":[{"embeddable":true,"href":"https:\/\/sucurriculum.com\/noticias\/wp-json\/wp\/v2\/comments?post=4808"}],"version-history":[{"count":1,"href":"https:\/\/sucurriculum.com\/noticias\/wp-json\/wp\/v2\/posts\/4808\/revisions"}],"predecessor-version":[{"id":4810,"href":"https:\/\/sucurriculum.com\/noticias\/wp-json\/wp\/v2\/posts\/4808\/revisions\/4810"}],"wp:featuredmedia":[{"embeddable":true,"href":"https:\/\/sucurriculum.com\/noticias\/wp-json\/wp\/v2\/media\/4818"}],"wp:attachment":[{"href":"https:\/\/sucurriculum.com\/noticias\/wp-json\/wp\/v2\/media?parent=4808"}],"wp:term":[{"taxonomy":"category","embeddable":true,"href":"https:\/\/sucurriculum.com\/noticias\/wp-json\/wp\/v2\/categories?post=4808"},{"taxonomy":"post_tag","embeddable":true,"href":"https:\/\/sucurriculum.com\/noticias\/wp-json\/wp\/v2\/tags?post=4808"}],"curies":[{"name":"wp","href":"https:\/\/api.w.org\/{rel}","templated":true}]}}