{"id":4792,"date":"2021-06-14T13:20:51","date_gmt":"2021-06-14T11:20:51","guid":{"rendered":"https:\/\/sucurriculum.com\/noticias\/?p=4792"},"modified":"2021-06-14T13:21:14","modified_gmt":"2021-06-14T11:21:14","slug":"jornadas-de-orientacion-laboral-de-masterd","status":"publish","type":"post","link":"https:\/\/sucurriculum.com\/noticias\/jornadas-de-orientacion-laboral-de-masterd\/","title":{"rendered":"Jornadas de Orientaci\u00f3n Laboral de MasterD"},"content":{"rendered":"\n<p>El pr\u00f3ximo jueves 17 y viernes 18 de junio, a trav\u00e9s de MasterD TV, analizaremos de la mano de los mejores expertos c\u00f3mo se hace un CV o una entrevista de trabajo y qu\u00e9 competencias t\u00e9cnicas y profesionales se requieren hoy en d\u00eda en las empresas.<\/p>\n\n\n\n<p>Un evento \u00fanico que tiene como fin guiar a todas aquellas personas que buscan la Inserci\u00f3n Laboral de la mano de grandes profesionales de la orientaci\u00f3n, selecci\u00f3n y recursos humanos de MasterD y de empresas punteras en la contrataci\u00f3n de perfiles t\u00e9cnicos.<\/p>\n\n\n\n<p>Enlace de las Jornadas: <a href=\"https:\/\/tv.masterd.es\/buscar-empleos-tecnicos\">https:\/\/tv.masterd.es\/buscar-empleos-tecnicos<\/a><\/p>\n\n\n\n<p>El Instituto Tecnol\u00f3gico MasterD organiza las primeras Jornadas de Orientaci\u00f3n Laboral en las que expertos en&nbsp;formaci\u00f3n&nbsp;y&nbsp;recursos humanos&nbsp;dan las claves para encontrar empleo en los sectores con m\u00e1s futuro.<\/p>\n\n\n\n<p>En muchas ocasiones no es suficiente con contar con un buen curriculum sino que es necesario saber hacer una correcta b\u00fasqueda de empleo y saber emplear todas las herramientas disponibles para realizar una correcta presentaci\u00f3n de nuestra candidatura.<\/p>\n\n\n\n<p>Para facilitar esta b\u00fasqueda de empleo se han organizado estas Jornadas que ser\u00e1n una oportunidad \u00fanica para interactuar en directo con profesionales de la orientaci\u00f3n, selecci\u00f3n y recursos humanos como&nbsp;BM Sportech,&nbsp;Leroy Merlin &#8211; Espa\u00f1a,&nbsp;Adecco, y&nbsp;Elaborados Naturales entre otros.<\/p>\n\n\n\n<p>Las jornadas tendr\u00e1n lugar los d\u00edas 17 y 18 de junio\u00a0desde las 10:00 horas a las 14:00 horas y se pondr\u00e1n seguir en directo en el canal de Televisi\u00f3n de MasterD <a href=\"https:\/\/tv.masterd.es\/buscar-empleos-tecnicos\">https:\/\/tv.masterd.es\/buscar-empleos-tecnicos<\/a>. Existir\u00e1 la posibilidad de resolver posibles consultas directamente con los profesionales de empresas punteras en la contrataci\u00f3n de perfiles t\u00e9cnicos.\u00a0<\/p>\n\n\n\n<p>Esta jornada, constar\u00e1 de varias charlas organizadas en tres bloques: CV, entrevista y habilidades.&nbsp;<\/p>\n\n\n\n<p>Se comenzar\u00e1 el d\u00eda 17, con recomendaciones para confeccionar el CV por parte de&nbsp;Alba Vi\u00f1uales y Virginia Lostal\u00e9, orientadoras del \u00e1rea de&nbsp;Alumni&nbsp;de MasterD.<\/p>\n\n\n\n<p>Acto seguido,&nbsp;se dar\u00e1 comienzo al segundo bloque, en el cual&nbsp;Natalia Pamplona, Coordinadora CSC de selecci\u00f3n en&nbsp;Leroy&nbsp;Merlin&nbsp;Espa\u00f1a, nos dar\u00e1 el punto de vista de la empresa a la hora de realizar una entrevista de trabajo y de lo que m\u00e1s valora de un candidato cuando est\u00e1 en este momento del proceso de selecci\u00f3n.&nbsp;<\/p>\n\n\n\n<p>Terminaremos&nbsp;dicho bloque de la mano&nbsp;de Adecco, donde una de sus consultoras senior, Cristina&nbsp;Lacal, dar\u00e1&nbsp;tips&nbsp;sobre c\u00f3mo debe prepararse y ejecutar un candidato la entrevista&nbsp;de trabajo.<\/p>\n\n\n\n<p>El segundo d\u00eda de la jornada tratar\u00e1 sobre el tercer y \u00faltimo bloque: Habilidades.&nbsp;<\/p>\n\n\n\n<p>Se iniciar\u00e1 el d\u00eda 18 con la participaci\u00f3n de Beatriz Hern\u00e1ndez y Zaira Agenjo, orientadoras del Instituto Tecnol\u00f3gico Master.D, quienes hablar\u00e1n de la importancia que tiene el Autoconocimiento en los procesos de b\u00fasqueda de empleo.&nbsp;<\/p>\n\n\n\n<p>Seguidamente, se analizar\u00e1n las competencias t\u00e9cnicas y personales m\u00e1s demandadas por las empresas. Para ello,&nbsp;contaremos con&nbsp;Luis Mart\u00ednez-Guisasola, director de RRHH en Elaborados Naturales y Anoha&nbsp;Mirav\u00e9, Responsable de&nbsp;RRHH en BM&nbsp;Sportech, quienes mostrar\u00e1n la realidad de las empresas en el sector t\u00e9cnico.&nbsp;)&nbsp;<\/p>\n\n\n\n<p>Para concluir estas jornadas, Hugo Hern\u00e1ndez y \u00c1lvaro Chagoyen, docentes del \u00e1rea de T\u00e9cnicos del Instituto Tecnol\u00f3gico Master.D impartir\u00e1n una charla sobre c\u00f3mo preparan en su d\u00eda a d\u00eda a los alumnos para que tengan \u00e9xito en su inmersi\u00f3n en el mercado laboral.&nbsp;<\/p>\n\n\n\n<p>Seguro que ser\u00e1n unas Jornadas de gran inter\u00e9s para todas aquellas personas que se encuentran en b\u00fasqueda de empleo. <\/p>\n","protected":false},"excerpt":{"rendered":"<p>El pr\u00f3ximo jueves 17 y viernes 18 de junio, a trav\u00e9s de MasterD TV, analizaremos de la mano de los mejores expertos c\u00f3mo se hace un CV o una entrevista de trabajo.<\/p>\n","protected":false},"author":2,"featured_media":4794,"comment_status":"open","ping_status":"open","sticky":false,"template":"","format":"standard","meta":{"footnotes":""},"categories":[2],"tags":[2518,377,2520,2519],"class_list":["post-4792","post","type-post","status-publish","format-standard","has-post-thumbnail","hentry","category-noticias","tag-jornadas","tag-laboral","tag-masterd","tag-orientacion-2"],"amp_enabled":true,"_links":{"self":[{"href":"https:\/\/sucurriculum.com\/noticias\/wp-json\/wp\/v2\/posts\/4792","targetHints":{"allow":["GET"]}}],"collection":[{"href":"https:\/\/sucurriculum.com\/noticias\/wp-json\/wp\/v2\/posts"}],"about":[{"href":"https:\/\/sucurriculum.com\/noticias\/wp-json\/wp\/v2\/types\/post"}],"author":[{"embeddable":true,"href":"https:\/\/sucurriculum.com\/noticias\/wp-json\/wp\/v2\/users\/2"}],"replies":[{"embeddable":true,"href":"https:\/\/sucurriculum.com\/noticias\/wp-json\/wp\/v2\/comments?post=4792"}],"version-history":[{"count":2,"href":"https:\/\/sucurriculum.com\/noticias\/wp-json\/wp\/v2\/posts\/4792\/revisions"}],"predecessor-version":[{"id":4795,"href":"https:\/\/sucurriculum.com\/noticias\/wp-json\/wp\/v2\/posts\/4792\/revisions\/4795"}],"wp:featuredmedia":[{"embeddable":true,"href":"https:\/\/sucurriculum.com\/noticias\/wp-json\/wp\/v2\/media\/4794"}],"wp:attachment":[{"href":"https:\/\/sucurriculum.com\/noticias\/wp-json\/wp\/v2\/media?parent=4792"}],"wp:term":[{"taxonomy":"category","embeddable":true,"href":"https:\/\/sucurriculum.com\/noticias\/wp-json\/wp\/v2\/categories?post=4792"},{"taxonomy":"post_tag","embeddable":true,"href":"https:\/\/sucurriculum.com\/noticias\/wp-json\/wp\/v2\/tags?post=4792"}],"curies":[{"name":"wp","href":"https:\/\/api.w.org\/{rel}","templated":true}]}}