{"id":4788,"date":"2021-06-11T07:50:18","date_gmt":"2021-06-11T05:50:18","guid":{"rendered":"https:\/\/sucurriculum.com\/noticias\/?p=4788"},"modified":"2021-06-11T07:50:19","modified_gmt":"2021-06-11T05:50:19","slug":"amazon-busca-3-000-empleados-fijos-en-espana","status":"publish","type":"post","link":"https:\/\/sucurriculum.com\/noticias\/amazon-busca-3-000-empleados-fijos-en-espana\/","title":{"rendered":"Amazon busca 3.000 empleados fijos en Espa\u00f1a"},"content":{"rendered":"\n<p>Amazon ha anunciado la creaci\u00f3n de 3.000 nuevos empleos fijos en Espa\u00f1a en 2021, lo que le permitir\u00e1 cerrar el a\u00f1o con un plantilla de total de 15.000 empleados.<\/p>\n\n\n\n<p>En concreto, la compa\u00f1\u00eda duplicar\u00e1 en dos a\u00f1os su plantilla fija en Espa\u00f1a, pasando de los 7.000 empleados con los que contaba a finales de 2019 a m\u00e1s de 15.000 a finales de este ejercicio, seg\u00fan ha informado el gigante del comercio electr\u00f3nico en un comunicado.<\/p>\n\n\n\n<p>Entre los nuevos puestos y perfiles figuran desde posiciones de nivel de entrada en operaciones a desarrolladores e ingenieros de &#8216;software&#8217;, responsables de negocio, cient\u00edficos de datos y aprendizaje autom\u00e1tico, as\u00ed como expertos en la nube y arquitectos de soluciones que trabajan en Amazon Web Services.<\/p>\n\n\n\n<p>La vicepresidenta y directora general de Amazon en Italia y Espa\u00f1a, Mariangela Marseglia, ha se\u00f1alado que est\u00e1n \u00abincre\u00edblemente orgullosos de seguir generando empleo en Espa\u00f1a\u00bb. \u00abDiez a\u00f1os despu\u00e9s del lanzamiento de Amazon.es, nuestro compromiso con Espa\u00f1a es m\u00e1s fuerte que nunca y estamos encantados de poder seguir generando atractivas oportunidades laborales y contribuir a la recuperaci\u00f3n econ\u00f3mica\u00bb, ha subrayado.<\/p>\n\n\n\n<p>A finales de 2020, Amazon hab\u00eda contribuido a generar trabajo para m\u00e1s de 100.000 personas en Espa\u00f1a, incluidos los puestos indirectos de su cadena de suministro, entre los que figuran los servicios de construcci\u00f3n, inmobiliaria y servicios profesionales, pero tambi\u00e9n las personas que trabajan para las 9.000 pymes espa\u00f1olas que actualmente venden en su &#8216;marketplace&#8217;.<\/p>\n\n\n\n<h6 class=\"wp-block-heading\">Invertidos m\u00e1s de 6.800 millones en Espa\u00f1a<\/h6>\n\n\n\n<p>Desde que Amazon iniciara su actividad en 2011 en Espa\u00f1a, la multinacional ha invertido m\u00e1s de 6.800 millones de euros en infraestructuras e instalaciones, env\u00edos y transporte, salarios y beneficios para los empleados, as\u00ed como otros gastos log\u00edsticos.<\/p>\n\n\n\n<p>Solo en 2020, la plataforma &#8216;online&#8217; invirti\u00f3 m\u00e1s de 2.500 millones de euros en la mejora de sus procesos, los salarios y la garant\u00eda de un servicio fiable y puntual a los clientes.<\/p>\n\n\n\n<p>La red log\u00edstica de Amazon en Espa\u00f1a abarca en la actualidad m\u00e1s de 30 centros. En 2020, la compa\u00f1\u00eda abri\u00f3 dos nuevos centros log\u00edsticos en Dos Hermanas (Sevilla) y Alcal\u00e1 de Henares (Madrid), as\u00ed como tres estaciones log\u00edsticas en Murcia, Rub\u00ed (Barcelona) y Legan\u00e9s (Madrid).<\/p>\n\n\n\n<p>Adem\u00e1s, ir\u00e1 ampliando su presencia este a\u00f1o con dos nuevos centros log\u00edsticos en Murcia e Illescas, que incluir\u00e1n la \u00faltima tecnolog\u00eda Amazon Robotics centrada en la salud y el bienestar de los empleados.<\/p>\n\n\n\n<h6 class=\"wp-block-heading\">El due\u00f1o de Amazon, Jeff Bezos.<\/h6>\n\n\n\n<p>Amazon tambi\u00e9n ha anunciado que abrir\u00e1 cinco estaciones log\u00edsticas en Alicante, Tarragona, Barcelona, Montcada y Mollet del Vall\u00e8s, para poder aumentar su oferta y mejorar el apoyo que presta a sus colaboradores comerciales, al tiempo que crea nuevos empleos en las regiones donde opera.<\/p>\n\n\n\n<p>\u00abNo solo las grandes \u00e1reas urbanas se benefician del impacto econ\u00f3mico de Amazon, ya que ciudades y pueblos m\u00e1s peque\u00f1os de diferentes regiones espa\u00f1olas tambi\u00e9n est\u00e1n viendo c\u00f3mo Amazon les ayuda a reducir su tasa de desempleo. Tambi\u00e9n estamos dando la bienvenida a un gran n\u00famero de j\u00f3venes que podr\u00edan tener dificultades para conseguir un trabajo en la actual coyuntura econ\u00f3mica\u00bb, ha subrayado Marseglia.<\/p>\n\n\n\n<p>La directiva ha recordado que los efectos indirectos de las actividades de Amazon, adem\u00e1s de las inversiones directas, han contribuido al PIB del pa\u00eds con 8.300 millones de euros en los \u00faltimos 10 a\u00f1os.<\/p>\n\n\n\n<p>Amazon tambi\u00e9n est\u00e1 reforzando sus Tech Hubs en Madrid y Barcelona, donde casi 600 desarrolladores de software, ingenieros inform\u00e1ticos y cient\u00edficos de datos trabajan en aplicaciones para Amazon Business, Kindle y libros, comercio minorista e inteligencia artificial.<\/p>\n\n\n\n<h6 class=\"wp-block-heading\">Inversi\u00f3n de 2.500 millones en sus centros de datos<\/h6>\n\n\n\n<p>Adem\u00e1s, para dar soporte a la creciente demanda de los clientes de los servicios en la nube de Amazon Web Services (AWS) en la Pen\u00ednsula Ib\u00e9rica, AWS abrir\u00e1 la regi\u00f3n de AWS Europa (Espa\u00f1a) a mediados de 2022, antes de lo previsto, en la que invertir\u00e1 2.500 millones de euros durante los pr\u00f3ximos 10 a\u00f1os.<\/p>\n\n\n\n<p>Esta nueva inversi\u00f3n tambi\u00e9n aumentar\u00e1 el PIB de Espa\u00f1a en aproximadamente 1.800 millones de euros y crear\u00e1 1.300 nuevos puestos de trabajo en los pr\u00f3ximos 10 a\u00f1os.<\/p>\n\n\n\n<p>Pod\u00e9is acceder a su web de empleo a trav\u00e9s de <a href=\"https:\/\/www.amazon.jobs\/es\/landing_pages\/trabajo\">este enlace<\/a>. \u00a1Animo amig@s!.<\/p>\n","protected":false},"excerpt":{"rendered":"<p>Amazon ha anunciado la creaci\u00f3n de 3.000 nuevos empleos fijos en Espa\u00f1a en 2021, lo que le permitir\u00e1 cerrar el a\u00f1o con un plantilla de total de 15.000 empleados.<\/p>\n","protected":false},"author":2,"featured_media":4789,"comment_status":"open","ping_status":"open","sticky":false,"template":"","format":"standard","meta":{"footnotes":""},"categories":[65],"tags":[885,108,650,21,2350],"class_list":["post-4788","post","type-post","status-publish","format-standard","has-post-thumbnail","hentry","category-ofertas-de-empleo","tag-885","tag-amazon","tag-empleados","tag-espana","tag-fijos"],"amp_enabled":true,"_links":{"self":[{"href":"https:\/\/sucurriculum.com\/noticias\/wp-json\/wp\/v2\/posts\/4788","targetHints":{"allow":["GET"]}}],"collection":[{"href":"https:\/\/sucurriculum.com\/noticias\/wp-json\/wp\/v2\/posts"}],"about":[{"href":"https:\/\/sucurriculum.com\/noticias\/wp-json\/wp\/v2\/types\/post"}],"author":[{"embeddable":true,"href":"https:\/\/sucurriculum.com\/noticias\/wp-json\/wp\/v2\/users\/2"}],"replies":[{"embeddable":true,"href":"https:\/\/sucurriculum.com\/noticias\/wp-json\/wp\/v2\/comments?post=4788"}],"version-history":[{"count":1,"href":"https:\/\/sucurriculum.com\/noticias\/wp-json\/wp\/v2\/posts\/4788\/revisions"}],"predecessor-version":[{"id":4790,"href":"https:\/\/sucurriculum.com\/noticias\/wp-json\/wp\/v2\/posts\/4788\/revisions\/4790"}],"wp:featuredmedia":[{"embeddable":true,"href":"https:\/\/sucurriculum.com\/noticias\/wp-json\/wp\/v2\/media\/4789"}],"wp:attachment":[{"href":"https:\/\/sucurriculum.com\/noticias\/wp-json\/wp\/v2\/media?parent=4788"}],"wp:term":[{"taxonomy":"category","embeddable":true,"href":"https:\/\/sucurriculum.com\/noticias\/wp-json\/wp\/v2\/categories?post=4788"},{"taxonomy":"post_tag","embeddable":true,"href":"https:\/\/sucurriculum.com\/noticias\/wp-json\/wp\/v2\/tags?post=4788"}],"curies":[{"name":"wp","href":"https:\/\/api.w.org\/{rel}","templated":true}]}}