{"id":4751,"date":"2021-06-07T12:31:15","date_gmt":"2021-06-07T10:31:15","guid":{"rendered":"https:\/\/sucurriculum.com\/noticias\/?p=4751"},"modified":"2021-06-07T12:31:15","modified_gmt":"2021-06-07T10:31:15","slug":"feu-vert-contratara-300-personas-este-verano","status":"publish","type":"post","link":"https:\/\/sucurriculum.com\/noticias\/feu-vert-contratara-300-personas-este-verano\/","title":{"rendered":"Feu Vert contratar\u00e1 300 personas este verano"},"content":{"rendered":"\n<p>Los procesos de selecci\u00f3n se dirigir\u00e1n hacia perfiles de t\u00e9cnicos de mantenimiento de veh\u00edculos y comerciales, de atenci\u00f3n y asesoramiento al p\u00fablico en venta, priorizando, por primera vez en la historia de la compa\u00f1\u00eda, el conocimiento de las dos ruedas y los nuevos modos de transporte sostenibles \u2013motocicletas, bicicletas y patinetes el\u00e9ctricos\u2013, la nueva apuesta de Feu Vert de cara a 2021.<\/p>\n\n\n\n<p>Feu Vert inicia una importante apuesta por la movilidad sostenible, incorporando a su oferta de productos y servicios de mantenimiento, los veh\u00edculos de dos ruedas \u2013motos, bicicletas y patinetes el\u00e9ctricos (VMP)\u2013, un paso m\u00e1s en su filosof\u00eda del uso responsable del coche particular, un medio que si bien contin\u00faa siendo indispensable en nuestras vidas, pierde terreno en las ciudades, fundamentalmente en trayectos cortos o muy cortos.<\/p>\n\n\n\n<p>Feu Vert aumenta la experiencia de cliente con la venta y mantenimiento de bicicletas el\u00e9ctricas y VMP<br>Pionera en el sector en la movilidad de bajo impacto ambiental y en la implementaci\u00f3n de tecnolog\u00edas para el mantenimiento de veh\u00edculos h\u00edbridos y el\u00e9ctricos, Feu Vert aumenta la experiencia de cliente con la incorporaci\u00f3n de la venta y el mantenimiento de bicicletas el\u00e9ctricas y VMP, gracias al compromiso de una plantilla joven y entusiasta del sector del motor, pero muy comprometida en la lucha contra el cambio clim\u00e1tico.<\/p>\n\n\n\n<p>As\u00ed, a los actuales 1.400 trabajadores que actualmente componen la plantilla, se ir\u00e1n incorporando, a lo largo del verano, 300 nuevos profesionales que se sumar\u00e1n a las promociones internas, dentro de los planes de formaci\u00f3n en nueva movilidad que est\u00e1 desarrollando Feu Vert para impulsar el talento interno, otra de las grandes apuestas de la empresa. La contrataci\u00f3n de estas 300 personas se desarrollar\u00e1 sobre uno de los valores m\u00e1s reconocidos de Feu Vert, una cultura innovadora y absolutamente inclusiva en materia de RR.HH, recientemente distinguida, por tercer a\u00f1o consecutivo, por Forbes Espa\u00f1a.<\/p>\n\n\n\n<h6 class=\"wp-block-heading\">Feu Vert, una de las 50 mejores empresas para trabajar en Espa\u00f1a 2021<\/h6>\n\n\n\n<p>Y es que un a\u00f1o m\u00e1s, Feu Vert ha sido reconocida como una de las 50 mejores empresas para trabajar en Espa\u00f1a 2021, la \u00fanica del sector de la automoci\u00f3n que destaca este famoso ranking, y galard\u00f3n que ya recibi\u00f3 en 2020 y 2019. Conviene recordar que este top se elabora \u00fanica y exclusivamente en base a las encuestas realizadas a los propios trabajadores y trabajadoras de la compa\u00f1\u00eda, lo que viene a demostrar el liderazgo en materia de empleo de la empresa.<\/p>\n\n\n\n<p>En la actualidad y como se citaba antes, Feu Vert tiene 1.400 empleados de 19 nacionalidades distintas, con perfiles profesionales cada vez m\u00e1s especializados y una gran diversidad generacional. Dispone de Plan de Igualdad y fue la primera empresa del sector del motor en obtener el certificado Discert, que reconoce la integraci\u00f3n laboral de personas con discapacidad.<\/p>\n\n\n\n<p>Aqu\u00ed os dejamos un enlace a su <a href=\"https:\/\/www.feuvert.es\/trabaja-con-nosotros\/\">web de empleo<\/a>.<\/p>\n","protected":false},"excerpt":{"rendered":"<p>Se ir\u00e1n incorporando, a lo largo del verano, 300 nuevos profesionales que se sumar\u00e1n a las promociones internas.<\/p>\n","protected":false},"author":2,"featured_media":4752,"comment_status":"open","ping_status":"open","sticky":false,"template":"","format":"standard","meta":{"footnotes":""},"categories":[65],"tags":[566,1023,740,2502,264,211,2503],"class_list":["post-4751","post","type-post","status-publish","format-standard","has-post-thumbnail","hentry","category-ofertas-de-empleo","tag-566","tag-contratara","tag-este","tag-feu","tag-personas","tag-verano","tag-vert"],"amp_enabled":true,"_links":{"self":[{"href":"https:\/\/sucurriculum.com\/noticias\/wp-json\/wp\/v2\/posts\/4751","targetHints":{"allow":["GET"]}}],"collection":[{"href":"https:\/\/sucurriculum.com\/noticias\/wp-json\/wp\/v2\/posts"}],"about":[{"href":"https:\/\/sucurriculum.com\/noticias\/wp-json\/wp\/v2\/types\/post"}],"author":[{"embeddable":true,"href":"https:\/\/sucurriculum.com\/noticias\/wp-json\/wp\/v2\/users\/2"}],"replies":[{"embeddable":true,"href":"https:\/\/sucurriculum.com\/noticias\/wp-json\/wp\/v2\/comments?post=4751"}],"version-history":[{"count":1,"href":"https:\/\/sucurriculum.com\/noticias\/wp-json\/wp\/v2\/posts\/4751\/revisions"}],"predecessor-version":[{"id":4753,"href":"https:\/\/sucurriculum.com\/noticias\/wp-json\/wp\/v2\/posts\/4751\/revisions\/4753"}],"wp:featuredmedia":[{"embeddable":true,"href":"https:\/\/sucurriculum.com\/noticias\/wp-json\/wp\/v2\/media\/4752"}],"wp:attachment":[{"href":"https:\/\/sucurriculum.com\/noticias\/wp-json\/wp\/v2\/media?parent=4751"}],"wp:term":[{"taxonomy":"category","embeddable":true,"href":"https:\/\/sucurriculum.com\/noticias\/wp-json\/wp\/v2\/categories?post=4751"},{"taxonomy":"post_tag","embeddable":true,"href":"https:\/\/sucurriculum.com\/noticias\/wp-json\/wp\/v2\/tags?post=4751"}],"curies":[{"name":"wp","href":"https:\/\/api.w.org\/{rel}","templated":true}]}}