{"id":4679,"date":"2021-05-31T10:16:02","date_gmt":"2021-05-31T08:16:02","guid":{"rendered":"https:\/\/sucurriculum.com\/noticias\/?p=4679"},"modified":"2021-05-31T10:16:03","modified_gmt":"2021-05-31T08:16:03","slug":"iceta-penalizara-a-las-administraciones-que-tiren-de-interinos-perpetuos","status":"publish","type":"post","link":"https:\/\/sucurriculum.com\/noticias\/iceta-penalizara-a-las-administraciones-que-tiren-de-interinos-perpetuos\/","title":{"rendered":"Iceta penalizar\u00e1 a las administraciones que tiren de interinos perpetuos"},"content":{"rendered":"\n<p>El Gobierno quiere impulsar una bater\u00eda de reformas para modernizar las administraciones p\u00fablicas, presentes en el Plan de Recuperaci\u00f3n remitido a Bruselas, con asuntos pendientes como la reducci\u00f3n de la temporalidad y otros m\u00e1s espinosos como el acceso al empleo p\u00fablico. El ministro de Pol\u00edtica Territorial y Funci\u00f3n P\u00fablica, Miquel Iceta, asegur\u00f3 ayer en una rueda de prensa para explicar estas medidas que \u00abantes de acabar el mes de mayo\u00bb se contar\u00e1 con un borrador con propuestas para cambiar los procesos selectivos, dando menos peso al contenido memor\u00edstico y m\u00e1s a las actitudes y aptitudes de los candidatos. Este documento, en palabras de Iceta, se someter\u00e1 a consulta.<\/p>\n\n\n\n<p>\u00abLa administraci\u00f3n que saldr\u00e1 de estos procesos de reforma ser\u00e1 mejor que la actual\u00bb, se comprometi\u00f3, ante las suspicacias que este proceso ha levantado en colectivos como la Organizaci\u00f3n de Inspectores de Hacienda del Estado. La propia vicepresidenta segunda de Asuntos Econ\u00f3micos, Nadia Calvi\u00f1o, presente en la rueda de prensa y funcionaria, apoy\u00f3 estas medidas. Iceta nombr\u00f3 a un grupo de expertos hace unas semanas para recabar reformas destinadas a modernizar la administraci\u00f3n.<\/p>\n\n\n\n<p>Al ser preguntado sobre si la Comisi\u00f3n Europea le ha transmitido alguna objeci\u00f3n a que el Programa de Estabilidad garantice que se subir\u00e1n los sueldos p\u00fablicos con el IPC en los pr\u00f3ximos a\u00f1os, Iceta replic\u00f3 que, en sus palabras, no le consta. \u00abLo que a m\u00ed me ha llegado es inquietud por la elevada tasa de temporalidad y reformas sobre el rendimiento de las administraciones\u00bb, a\u00f1adi\u00f3.<\/p>\n\n\n\n<h6 class=\"wp-block-heading\">300.000 plazas estabilizadas antes de 2025<\/h6>\n\n\n\n<p>Junto a ello, el ministro de Pol\u00edtica Territorial y Funci\u00f3n P\u00fablica anunci\u00f3 que quiere penalizar a las administraciones que tiren perpetuamente de interinos para cubrir plazas fijas, una pr\u00e1ctica que se extendi\u00f3 en la anterior crisis financiera cuando se congel\u00f3 la reposici\u00f3n de empleados p\u00fablicos. \u00abSi en tres a\u00f1os una administraci\u00f3n no estabiliza una plaza estructural, la perder\u00eda\u00bb, anunci\u00f3. Esta reforma es un compromiso con Bruselas, que ha tirado de las orejas a Espa\u00f1a en repetidas ocasiones por la elevada temporalidad de su sector p\u00fablico, ya superior que en el privado, con tasas de m\u00e1s del 30% de eventuales, sobre todo en Sanidad y Educaci\u00f3n. El objetivo es bajarla al 8% \u2013una meta que se deb\u00eda haber cumplido para 2020, seg\u00fan el acuerdo que firm\u00f3 el anterior Ejecutivo con los sindicatos en 2018\u2013.<\/p>\n\n\n\n<p>En todo caso, Iceta se\u00f1al\u00f3 que su intenci\u00f3n no es tanto elevar el n\u00famero de empleados p\u00fablicos como \u00abrejuvenecer, recualificar y captar talento\u00bb. El ministro record\u00f3 que la mitad de los empleados de la Administraci\u00f3n General del Estado (AGE) se jubilar\u00e1n en los pr\u00f3ximos diez a\u00f1os, por lo que la hoja de ruta se centrar\u00e1 en cubrir los retiros y estabilizar para el 31 de diciembre de 2024 los 300.000 empleos temporales que llevan a\u00f1os de eventuales cubriendo puestos que realmente son indefinidos en origen.<\/p>\n","protected":false},"excerpt":{"rendered":"<p>El Gobierno quiere impulsar una bater\u00eda de reformas para modernizar las administraciones p\u00fablicas, presentes en el Plan de Recuperaci\u00f3n remitido a Bruselas.<\/p>\n","protected":false},"author":2,"featured_media":4680,"comment_status":"open","ping_status":"open","sticky":false,"template":"","format":"standard","meta":{"footnotes":""},"categories":[2],"tags":[2473,2472,1265,2089,2475],"class_list":["post-4679","post","type-post","status-publish","format-standard","has-post-thumbnail","hentry","category-noticias","tag-administraciones","tag-iceta","tag-interinos","tag-penalizara","tag-perpetuos"],"amp_enabled":true,"_links":{"self":[{"href":"https:\/\/sucurriculum.com\/noticias\/wp-json\/wp\/v2\/posts\/4679","targetHints":{"allow":["GET"]}}],"collection":[{"href":"https:\/\/sucurriculum.com\/noticias\/wp-json\/wp\/v2\/posts"}],"about":[{"href":"https:\/\/sucurriculum.com\/noticias\/wp-json\/wp\/v2\/types\/post"}],"author":[{"embeddable":true,"href":"https:\/\/sucurriculum.com\/noticias\/wp-json\/wp\/v2\/users\/2"}],"replies":[{"embeddable":true,"href":"https:\/\/sucurriculum.com\/noticias\/wp-json\/wp\/v2\/comments?post=4679"}],"version-history":[{"count":1,"href":"https:\/\/sucurriculum.com\/noticias\/wp-json\/wp\/v2\/posts\/4679\/revisions"}],"predecessor-version":[{"id":4681,"href":"https:\/\/sucurriculum.com\/noticias\/wp-json\/wp\/v2\/posts\/4679\/revisions\/4681"}],"wp:featuredmedia":[{"embeddable":true,"href":"https:\/\/sucurriculum.com\/noticias\/wp-json\/wp\/v2\/media\/4680"}],"wp:attachment":[{"href":"https:\/\/sucurriculum.com\/noticias\/wp-json\/wp\/v2\/media?parent=4679"}],"wp:term":[{"taxonomy":"category","embeddable":true,"href":"https:\/\/sucurriculum.com\/noticias\/wp-json\/wp\/v2\/categories?post=4679"},{"taxonomy":"post_tag","embeddable":true,"href":"https:\/\/sucurriculum.com\/noticias\/wp-json\/wp\/v2\/tags?post=4679"}],"curies":[{"name":"wp","href":"https:\/\/api.w.org\/{rel}","templated":true}]}}