{"id":4676,"date":"2021-05-31T09:54:40","date_gmt":"2021-05-31T07:54:40","guid":{"rendered":"https:\/\/sucurriculum.com\/noticias\/?p=4676"},"modified":"2021-05-31T09:54:41","modified_gmt":"2021-05-31T07:54:41","slug":"lidl-comenzara-la-contratacion-de-personal-para-su-nuevo-supermercado-en-cordoba","status":"publish","type":"post","link":"https:\/\/sucurriculum.com\/noticias\/lidl-comenzara-la-contratacion-de-personal-para-su-nuevo-supermercado-en-cordoba\/","title":{"rendered":"Lidl comenzar\u00e1 la contrataci\u00f3n de personal para su nuevo supermercado en C\u00f3rdoba"},"content":{"rendered":"\n<p>La cadena de supermercados Lidl, que tiene previsto abrir en los pr\u00f3ximos meses su tercer establecimiento en la capital cordobesa, concretamente muy pr\u00f3ximo al Hipercor de Ronda de Poniente, va a comenzar muy pronto el proceso de selecci\u00f3n de personal para poner en marcha esta gran superficie.<\/p>\n\n\n\n<p>Las personas interesadas en trabajar para esta firma tienen que estar pendiente de este enlace <a href=\"https:\/\/empleo.lidl.es\/ \">https:\/\/empleo.lidl.es\/ <\/a>ya que en esta direcci\u00f3n Lidl incluye todas las ofertas de trabajo que tiene actualmente en toda Espa\u00f1a y va incorporando las que vayan surgiendo, como ser\u00e1 el caso de C\u00f3rdoba.<\/p>\n\n\n\n<p>El supermercado nuevo que va a abrir en C\u00f3rdoba contar\u00e1 con 111 plazas de aparcamiento y estar\u00e1 ubicado cerca de Hipercor, en la carretera de Trassierra, en una parcela que hay en la calle de la Representaci\u00f3n, en las inmediaciones de la glorieta Mar\u00eda de Maeztu. Ser\u00e1 el tercero de la capital, junto a los que est\u00e1n en el pol\u00edgono Pedroches y Sector Sur.<\/p>\n\n\n\n<p>Al margen de las ofertas que surjan para el nuevo supermercado de C\u00f3rdoba, Lidl ha anunciado recientemente que necesita cubrir m\u00e1s de 90 plazas para sustituciones de verano en toda Espa\u00f1a. La mayor\u00eda de estas nuevas oportunidades laborales se concentran para puestos de cajeros\/reponedores y adjunto gerente de tienda para sus numerosos establecimientos de Valencia, Barcelona, Teruel, Zamora, Burgos, San Sebasti\u00e1n de los Reyes, Bilbao, M\u00e1laga y otras grandes ciudades espa\u00f1olas.<\/p>\n","protected":false},"excerpt":{"rendered":"<p>Va a comenzar muy pronto el proceso de selecci\u00f3n de personal para poner en marcha esta gran superficie.<\/p>\n","protected":false},"author":2,"featured_media":4677,"comment_status":"open","ping_status":"open","sticky":false,"template":"","format":"standard","meta":{"footnotes":""},"categories":[65],"tags":[886,488,881,419,305],"class_list":["post-4676","post","type-post","status-publish","format-standard","has-post-thumbnail","hentry","category-ofertas-de-empleo","tag-contratacion-2","tag-cordoba","tag-lidl","tag-personal","tag-supermercado"],"amp_enabled":true,"_links":{"self":[{"href":"https:\/\/sucurriculum.com\/noticias\/wp-json\/wp\/v2\/posts\/4676","targetHints":{"allow":["GET"]}}],"collection":[{"href":"https:\/\/sucurriculum.com\/noticias\/wp-json\/wp\/v2\/posts"}],"about":[{"href":"https:\/\/sucurriculum.com\/noticias\/wp-json\/wp\/v2\/types\/post"}],"author":[{"embeddable":true,"href":"https:\/\/sucurriculum.com\/noticias\/wp-json\/wp\/v2\/users\/2"}],"replies":[{"embeddable":true,"href":"https:\/\/sucurriculum.com\/noticias\/wp-json\/wp\/v2\/comments?post=4676"}],"version-history":[{"count":1,"href":"https:\/\/sucurriculum.com\/noticias\/wp-json\/wp\/v2\/posts\/4676\/revisions"}],"predecessor-version":[{"id":4678,"href":"https:\/\/sucurriculum.com\/noticias\/wp-json\/wp\/v2\/posts\/4676\/revisions\/4678"}],"wp:featuredmedia":[{"embeddable":true,"href":"https:\/\/sucurriculum.com\/noticias\/wp-json\/wp\/v2\/media\/4677"}],"wp:attachment":[{"href":"https:\/\/sucurriculum.com\/noticias\/wp-json\/wp\/v2\/media?parent=4676"}],"wp:term":[{"taxonomy":"category","embeddable":true,"href":"https:\/\/sucurriculum.com\/noticias\/wp-json\/wp\/v2\/categories?post=4676"},{"taxonomy":"post_tag","embeddable":true,"href":"https:\/\/sucurriculum.com\/noticias\/wp-json\/wp\/v2\/tags?post=4676"}],"curies":[{"name":"wp","href":"https:\/\/api.w.org\/{rel}","templated":true}]}}