{"id":4673,"date":"2021-05-31T09:41:21","date_gmt":"2021-05-31T07:41:21","guid":{"rendered":"https:\/\/sucurriculum.com\/noticias\/?p=4673"},"modified":"2021-05-31T09:41:22","modified_gmt":"2021-05-31T07:41:22","slug":"convocatoria-de-empleo-para-personal-del-44o-festival-de-almagro","status":"publish","type":"post","link":"https:\/\/sucurriculum.com\/noticias\/convocatoria-de-empleo-para-personal-del-44o-festival-de-almagro\/","title":{"rendered":"Convocatoria de empleo para personal del 44\u00ba Festival de Almagro"},"content":{"rendered":"\n<p>La fecha l\u00edmite para remitir toda la informaci\u00f3n correspondiente al puesto de personal t\u00e9cnico es el 6 de junio y para el resto de puestos el 14 de junio.<\/p>\n\n\n\n<p>El Festival de Teatro Cl\u00e1sico de Almagro abre una nueva convocatoria de empleo: se trata de los puestos de ayudante de producci\u00f3n en Almagro, ayudante de taquilla, segundo jefe de sala y acomodador. De esta forma, se abre la posibilidad para que nuevas personas conozcan la cita teatral manchega desde dentro, formando parte del grupo de profesionales que hace posible el Festival.<\/p>\n\n\n\n<p>Esta convocatoria se suman a la que ya hay abierta, desde el viernes 14 de mayo, para los puestos de t\u00e9cnicos de iluminaci\u00f3n, sonido-audiovisuales, maquinaria, sastrer\u00eda, asistente t\u00e9cnico, limpieza, jefe de espacio y coordinador t\u00e9cnico.<\/p>\n\n\n\n<p>Todos los mayores de 18 a\u00f1os, que est\u00e9n interesados en participar en el proceso de selecci\u00f3n y cuyos requisitos pueden consultar en la pesta\u00f1a de convocatorias de la web oficial <a href=\"https:\/\/www.festivaldealmagro.com\/\">www.festivaldealmagro.com<\/a> , deben remitir su inscripci\u00f3n a la direcci\u00f3n de correo electr\u00f3nico administracion@festivaldealmagro.com incluyendo: los datos personales de nombre y apellidos, direcci\u00f3n y n\u00famero de tel\u00e9fono; formaci\u00f3n acad\u00e9mica y experiencia laboral; y copia escaneada del DNI.<\/p>\n\n\n\n<p>Se ofertan de esta manera diferentes puestos para la 44\u00aa edici\u00f3n del Festival de Almagro. El proceso de selecci\u00f3n se har\u00e1 de manera virtual y se comunicar\u00e1 con el suficiente tiempo a la persona preseleccionada. En la selecci\u00f3n se atender\u00e1 a los criterios de igualdad, m\u00e9rito y capacidad. Para cualquier consulta o duda referente a esta convocatoria de empleo, escribir un e-mail a administracion@festivaldealmagro.com.<\/p>\n\n\n\n<p>La primera convocatoria es para los puestos de t\u00e9cnicos de iluminaci\u00f3n, sonido-audiovisuales, maquinaria, sastrer\u00eda, asistente t\u00e9cnico, limpieza, jefe de espacio y coordinador t\u00e9cnico. Se abri\u00f3 el 14 de mayo y la fecha l\u00edmite de presentaci\u00f3n de solicitudes es el 6 junio.<\/p>\n\n\n\n<p>La segunda convocatoria es para los puestos de ayudante de producci\u00f3n en Almagro, ayudante de taquilla, segundo jefe de sala y acomodador. Se abri\u00f3 el 25 de mayo y la fecha l\u00edmite de presentaci\u00f3n de solicitudes es el 14 de junio.<\/p>\n","protected":false},"excerpt":{"rendered":"<p>La fecha l&iacute;mite para remitir toda la informaci&oacute;n correspondiente al puesto de personal t&eacute;cnico es el 6 de junio y para el resto de puestos el 14 de junio. El Festival de Teatro Cl&aacute;sico de Almagro abre una nueva convocatoria de empleo: se trata de los puestos de ayudante de producci&oacute;n en Almagro, ayudante de [&hellip;]<\/p>\n","protected":false},"author":2,"featured_media":4674,"comment_status":"open","ping_status":"open","sticky":false,"template":"","format":"standard","meta":{"footnotes":""},"categories":[65],"tags":[1375,2471,137,2470,419,629,169],"class_list":["post-4673","post","type-post","status-publish","format-standard","has-post-thumbnail","hentry","category-ofertas-de-empleo","tag-1375","tag-almagro","tag-empleo","tag-festival","tag-personal","tag-puestos","tag-trabajo"],"amp_enabled":true,"_links":{"self":[{"href":"https:\/\/sucurriculum.com\/noticias\/wp-json\/wp\/v2\/posts\/4673","targetHints":{"allow":["GET"]}}],"collection":[{"href":"https:\/\/sucurriculum.com\/noticias\/wp-json\/wp\/v2\/posts"}],"about":[{"href":"https:\/\/sucurriculum.com\/noticias\/wp-json\/wp\/v2\/types\/post"}],"author":[{"embeddable":true,"href":"https:\/\/sucurriculum.com\/noticias\/wp-json\/wp\/v2\/users\/2"}],"replies":[{"embeddable":true,"href":"https:\/\/sucurriculum.com\/noticias\/wp-json\/wp\/v2\/comments?post=4673"}],"version-history":[{"count":1,"href":"https:\/\/sucurriculum.com\/noticias\/wp-json\/wp\/v2\/posts\/4673\/revisions"}],"predecessor-version":[{"id":4675,"href":"https:\/\/sucurriculum.com\/noticias\/wp-json\/wp\/v2\/posts\/4673\/revisions\/4675"}],"wp:featuredmedia":[{"embeddable":true,"href":"https:\/\/sucurriculum.com\/noticias\/wp-json\/wp\/v2\/media\/4674"}],"wp:attachment":[{"href":"https:\/\/sucurriculum.com\/noticias\/wp-json\/wp\/v2\/media?parent=4673"}],"wp:term":[{"taxonomy":"category","embeddable":true,"href":"https:\/\/sucurriculum.com\/noticias\/wp-json\/wp\/v2\/categories?post=4673"},{"taxonomy":"post_tag","embeddable":true,"href":"https:\/\/sucurriculum.com\/noticias\/wp-json\/wp\/v2\/tags?post=4673"}],"curies":[{"name":"wp","href":"https:\/\/api.w.org\/{rel}","templated":true}]}}