{"id":4376,"date":"2021-04-06T08:50:24","date_gmt":"2021-04-06T06:50:24","guid":{"rendered":"https:\/\/sucurriculum.com\/noticias\/?p=4376"},"modified":"2021-04-06T08:50:25","modified_gmt":"2021-04-06T06:50:25","slug":"la-junta-de-castilla-y-leon-pagara-7-euros-por-cada-dia-en-erte","status":"publish","type":"post","link":"https:\/\/sucurriculum.com\/noticias\/la-junta-de-castilla-y-leon-pagara-7-euros-por-cada-dia-en-erte\/","title":{"rendered":"La Junta de Castilla y Le\u00f3n pagar\u00e1 7 euros por cada d\u00eda en ERTE"},"content":{"rendered":"\n<p>La Consejer\u00eda de Empleo e Industria publica en el Bocyl la convocatoria de ayudas dirigidas a compensar la p\u00e9rdida de poder adquisitivo sufrida por los trabajadores que se hayan visto afectados por un expediente temporal de regulaci\u00f3n de empleo por causas econ\u00f3micas, t\u00e9cnicas, organizativas o productivas. Este complemento forma parte del Plan de Choque para el Empleo acordado con los agentes econ\u00f3micos y sociales del Di\u00e1logo Social con el fin paliar el impacto econ\u00f3mico y compensar la p\u00e9rdida de poder adquisitivo de los trabajadores con menores ingresos.<\/p>\n\n\n\n<p>Se trata de una ayuda con car\u00e1cter retroactivo que podr\u00e1n solicitar aquellos trabajadores, incluidos los fijos discontinuos, que hayan visto su contrato suspendido, total o parcialmente, durante un periodo de al menos 45 d\u00edas, entre el del 1 de octubre de 2019 y el 30 septiembre de 2020, siempre que el centro de trabajo donde presten sus servicios no supere los 250 trabajadores y la base de cotizaci\u00f3n no exceda de 1.600 euros mes por contrato a tiempo completo.<\/p>\n\n\n\n<p>Las ayudas se conceder\u00e1n por concurrencia competitiva y se dar\u00e1 prioridad en primer lugar a las solicitudes de aquellos trabajadores con menor base de cotizaci\u00f3n, en segundo lugar tendr\u00e1n preferencia los trabajadores que tenga un mayor n\u00famero de d\u00edas de suspensi\u00f3n o reducci\u00f3n de jornada como consecuencia de uno o varios expedientes de regulaci\u00f3n de empleo.<\/p>\n\n\n\n<p>El plazo de presentaci\u00f3n de las solicitudes se abrir\u00e1 el pr\u00f3ximo 19 de abril y finalizar\u00e1 el 18 de mayo de 2021 a las 15 horas.<\/p>\n\n\n\n<p>Los interesados deber\u00e1n presentar su solicitud, junto con los anexos correspondientes, en el modelo de formulario que se encuentran a su disposici\u00f3n en la <a href=\"https:\/\/www.tramitacastillayleon.jcyl.es\/web\/es\/sede-electronica.html\">sede electr\u00f3nica de la Junta de Castilla y Le\u00f3n<\/a> y deber\u00e1n cumplimentarla obligatoriamente desde esa misma sede.<\/p>\n\n\n\n<p>La solicitud podr\u00e1 presentarse de forma telem\u00e1tica en la sede electr\u00f3nica de la Administraci\u00f3n de la Comunidad o de forma presencial en cualquiera de los lugares y formas previstos en el art\u00edculo 16.4 de la Ley 39\/2015, de 1 de octubre, de Procedimiento Administrativo de las Administraciones P\u00fablicas. Para la presentaci\u00f3n presencial ser\u00e1 necesario cumplimentar previamente el formulario de solicitud disponible en la sede electr\u00f3nica de la Junta de Castilla y Le\u00f3n, donde se le asignar\u00e1 un n\u00famero de referencia.<\/p>\n","protected":false},"excerpt":{"rendered":"<p>La Consejer\u00eda de Empleo e Industria publica en el Bocyl la convocatoria de ayudas dirigidas a compensar la p\u00e9rdida de poder adquisitivo.<\/p>\n","protected":false},"author":2,"featured_media":4377,"comment_status":"open","ping_status":"open","sticky":false,"template":"","format":"standard","meta":{"footnotes":""},"categories":[35],"tags":[2370,388,239,41,831,725,259],"class_list":["post-4376","post","type-post","status-publish","format-standard","has-post-thumbnail","hentry","category-ayudas","tag-2370","tag-castilla","tag-erte","tag-euros","tag-junta","tag-leon","tag-pagara"],"amp_enabled":true,"_links":{"self":[{"href":"https:\/\/sucurriculum.com\/noticias\/wp-json\/wp\/v2\/posts\/4376","targetHints":{"allow":["GET"]}}],"collection":[{"href":"https:\/\/sucurriculum.com\/noticias\/wp-json\/wp\/v2\/posts"}],"about":[{"href":"https:\/\/sucurriculum.com\/noticias\/wp-json\/wp\/v2\/types\/post"}],"author":[{"embeddable":true,"href":"https:\/\/sucurriculum.com\/noticias\/wp-json\/wp\/v2\/users\/2"}],"replies":[{"embeddable":true,"href":"https:\/\/sucurriculum.com\/noticias\/wp-json\/wp\/v2\/comments?post=4376"}],"version-history":[{"count":1,"href":"https:\/\/sucurriculum.com\/noticias\/wp-json\/wp\/v2\/posts\/4376\/revisions"}],"predecessor-version":[{"id":4378,"href":"https:\/\/sucurriculum.com\/noticias\/wp-json\/wp\/v2\/posts\/4376\/revisions\/4378"}],"wp:featuredmedia":[{"embeddable":true,"href":"https:\/\/sucurriculum.com\/noticias\/wp-json\/wp\/v2\/media\/4377"}],"wp:attachment":[{"href":"https:\/\/sucurriculum.com\/noticias\/wp-json\/wp\/v2\/media?parent=4376"}],"wp:term":[{"taxonomy":"category","embeddable":true,"href":"https:\/\/sucurriculum.com\/noticias\/wp-json\/wp\/v2\/categories?post=4376"},{"taxonomy":"post_tag","embeddable":true,"href":"https:\/\/sucurriculum.com\/noticias\/wp-json\/wp\/v2\/tags?post=4376"}],"curies":[{"name":"wp","href":"https:\/\/api.w.org\/{rel}","templated":true}]}}