{"id":4373,"date":"2021-04-06T08:38:03","date_gmt":"2021-04-06T06:38:03","guid":{"rendered":"https:\/\/sucurriculum.com\/noticias\/?p=4373"},"modified":"2021-04-06T08:38:03","modified_gmt":"2021-04-06T06:38:03","slug":"moreno-anuncia-732-millones-en-ayudas-directas-para-los-sectores-afectados","status":"publish","type":"post","link":"https:\/\/sucurriculum.com\/noticias\/moreno-anuncia-732-millones-en-ayudas-directas-para-los-sectores-afectados\/","title":{"rendered":"Moreno anuncia 732 millones en ayudas directas para los sectores afectados"},"content":{"rendered":"\n<p>El presidente de la Junta de Andaluc\u00eda, Juanma Moreno, ha firmado este lune junto al presidente de la Confederaci\u00f3n de Empresarios de Andaluc\u00eda (CEA), Javier Gonz\u00e1lez de Lara; a la secretaria General de UGT Andaluc\u00eda, Carmen Castilla, y la secretaria general de CCOO Andaluc\u00eda, Nuria L\u00f3pez, el Acuerdo de Medidas Extraordinarias en el marco de la Reactivaci\u00f3n Econ\u00f3mica y Social de Andaluc\u00eda que supone una nueva inyecci\u00f3n al tejido productivo andaluz, en ayudas directas, por valor de 732,44 millones de euros.<\/p>\n\n\n\n<p>\u00abLo que se ha hecho es dar muestra a Espa\u00f1a de que hay una v\u00eda andaluza y una manera de hacer pol\u00edtica y que somos capaces de entendernos dialogando y planificando porque cuando se dialoga con buena voluntad y se pone de nuestra parte se consiguen las metas. Me siento muy satisfecho de contar con un sector tan maduro que permite superar trincheras ideol\u00f3gicas con objetivos que son comunes\u00bb, ha dicho.<\/p>\n\n\n\n<p>Moreno, que ha incidido en que se trata del paquete de ayudas m\u00e1s importante aprobado en cualquier comunidad aut\u00f3noma, ha explicado que estas ayudas se basan en tres grandes bloques. El primero de ellos incluye catorce l\u00edneas de ayudas dirigidas al mantenimiento del empleo y la actividad econ\u00f3mica y en \u00e9l se destina un total de 585 millones de euros a ayudar a las pymes andaluzas a mantener el empleo en los sectores m\u00e1s castigados por la pandemia.<\/p>\n\n\n\n<p>En cuanto al segundo bloque que es el de ayudas destinadas a la protecci\u00f3n para las personas m\u00e1s necesitadas y afectadas por la pandemia, engloba un montante de 107 millones de euros e incluye algunas medidas como es la creaci\u00f3n de una Prestaci\u00f3n Extraordinaria para situaciones de m\u00e1xima necesidad dotada con 30 millones de euros. Se trata de una prestaci\u00f3n que va en l\u00ednea con la Renta M\u00ednima de Inserci\u00f3n Social, que se mantiene, pero que se reformula que no colisione con el Ingreso M\u00ednimo Vital del Estado y sea lo m\u00e1s \u00fatil posible.<\/p>\n\n\n\n<p>\u00abPara esta reforma se va a crear una Mesa de Di\u00e1logo Social en el plazo de un mes, que tambi\u00e9n estudiar\u00e1 mejoras en el sistema de la Dependencia. En definitiva, el Di\u00e1logo Social estar\u00e1 muy presente en el \u00e1mbito de la igualdad y las pol\u00edticas sociales\u00bb, ha agregado.<\/p>\n\n\n\n<p>Asimismo, ha hecho alusi\u00f3n a un tercer bloque de ayudas que es el destinado al Plan de refuerzo de personal en la Junta dotado con 40,4 millones para realizar m\u00e1s de 1.700 contrataciones en todas las provincias.<\/p>\n\n\n\n<p>En este punto, ha subrayado que ma\u00f1ana ir\u00e1 al Consejo de Gobierno el primer Decreto-Ley con el que dar v\u00eda libre al primer paquete de ayudas, concretamente el destinado al mantenimiento del empleo asalariado, dotado con 270 millones de euros. \u00abY as\u00ed, en cada Consejo de Gobierno, iremos aprobando los Decretos-Ley pertinentes, al tiempo que se realizar\u00e1 un seguimiento por las partes firmantes del Acuerdo\u00bb.<\/p>\n\n\n\n<p>De este modo, ha aseverado que el Gobierno andaluz hubiera querido sacar estas ayudas bastante antes, pero ha matizado que han tenido que acompasarse con el Gobierno de la Naci\u00f3n para evitar solapamientos o problemas derivados de las ayudas aprobadas el 12 de marzo. \u00abMe refiero a los 7.000 millones de euros anunciados, que se repartir\u00e1n entre las comunidades aut\u00f3nomas, por lo que seremos quienes gestionemos tambi\u00e9n este otro paquete de ayudas directas. A d\u00eda de hoy, seguimos ignorando cu\u00e1nto le tocar\u00e1 a Andaluc\u00eda en ese reparto estatal. Lo \u00fanico que sabemos es que estas ayudas no estar\u00e1n listas, administrativamente, hasta final de abril\u00bb.<\/p>\n\n\n\n<p>El presidente de la Junta ha agradecido el papel de los agentes econ\u00f3micos y sociales m\u00e1s representativos de nuestra tierra con los que se ha alcanzado este acuerdo que se fundamenta en el marco de Di\u00e1logo Social que el Gobierno andaluz viene promoviendo desde sus inicios y que tuvo un punto de inflexi\u00f3n muy claro el 30 de julio de 2020, con la firma del Acuerdo para la Reactivaci\u00f3n Econ\u00f3mica y Social de Andaluc\u00eda.<\/p>\n\n\n\n<p>La secretaria general de UGT Andaluc\u00eda, Carmen Castilla, firmando el Acuerdo hoy.<br>En este sentido, ha afirmado que el Gobierno andaluz ha ido siempre de cara en su lucha contra la pandemia removiendo todos los recursos disponibles para paliar sus efectos.<\/p>\n\n\n\n<p>En relaci\u00f3n con este asunto, ha insistido en que se han volcado desde el principio en los tres frentes cruciales que son el sanitario, el econ\u00f3mico y el social con ayudas directas, con pr\u00e9stamos y avales de todo tipo para empresas y trabajadores y para las personas y familias v\u00edctimas de esta dur\u00edsima crisis social.<\/p>\n\n\n\n<p>De esta forma, ha recordado que, a finales de 2020, se puso en marcha un paquete de ayudas muy importante por 667 millones que ofreci\u00f3 ayudas directas a m\u00e1s de 125.000 aut\u00f3nomos y que se concedieron m\u00e1s de 9.000 avales a trav\u00e9s de Gar\u00e1ntia. Asimismo, ha puntualizado que se han destinado m\u00e1s de 100 millones en actuaciones directas para contener esa emergencia social sobrevenida.<\/p>\n\n\n\n<p>\u00abCuatro meses despu\u00e9s y tras una tercera oleada letal, el panorama sigue siendo muy preocupante. Hemos tenido que adoptar decisiones duras, pero necesarias, para Semana Santa por recomendaci\u00f3n de los expertos porque lo cierto es que, hasta despu\u00e9s del verano, como pronto, o hasta el \u00faltimo trimestre del a\u00f1o, es probable que no alcancemos la inmunidad de reba\u00f1o\u00bb.<\/p>\n\n\n\n<p>Finalmente, ha reiterado que tenemos por delante unos meses claves en los que nos jugamos el todo por el todo y el que toca estar todos a una, ante lo que les ha transmitido a los andaluces un mensaje de esperanza y confianza.<\/p>\n\n\n\n<p>Por su parte, el vicepresidente de la Junta de Andaluc\u00eda y consejero de Turismo, Regeneraci\u00f3n, Justicia y Administraci\u00f3n Local, Juan Mar\u00edn, ha subrayado el importante ejercicio de consenso y di\u00e1logo de las partes implicadas en este acuerdo andaluz. \u00abSon momentos complicados y no basta con poner recursos. Hay que saber ponerlos donde realmente hace falta\u00bb, ha apuntado. Adem\u00e1s, ha valorado que este segundo paquete de ayudas tiene los mimbres para poder empezar con la deseada reactivaci\u00f3n econ\u00f3mica y social de la comunidad aut\u00f3noma.<\/p>\n\n\n\n<p>\u00abEstamos viendo c\u00f3mo d\u00eda a d\u00eda empleos y empresas desaparecen por el Covid-19, y todos est\u00e1n con la vista y la esperanza puestas en que desde las instituciones seamos capaces de dar respuesta a esos problemas para poder seguir adelante con sus vidas\u00bb, ha se\u00f1alado, al tiempo que se ha mostrado confiado en que, a partir de hoy, trabajadores y empresarios andaluces sientan mucho m\u00e1s cerca a las instituciones que representan los firmantes de este gran acuerdo.<\/p>\n","protected":false},"excerpt":{"rendered":"<p>Acuerdo de Medidas Extraordinarias en el marco de la Reactivaci\u00f3n Econ\u00f3mica y Social de Andaluc\u00eda que supone una nueva inyecci\u00f3n al tejido productivo andaluz.<\/p>\n","protected":false},"author":2,"featured_media":4374,"comment_status":"open","ping_status":"open","sticky":false,"template":"","format":"standard","meta":{"footnotes":""},"categories":[35],"tags":[321,575,37,1972,2369,2368,214,319],"class_list":["post-4373","post","type-post","status-publish","format-standard","has-post-thumbnail","hentry","category-ayudas","tag-afectados","tag-andalucia","tag-ayudas","tag-directas","tag-junnta","tag-moreno","tag-nuevas","tag-sectores"],"amp_enabled":true,"_links":{"self":[{"href":"https:\/\/sucurriculum.com\/noticias\/wp-json\/wp\/v2\/posts\/4373","targetHints":{"allow":["GET"]}}],"collection":[{"href":"https:\/\/sucurriculum.com\/noticias\/wp-json\/wp\/v2\/posts"}],"about":[{"href":"https:\/\/sucurriculum.com\/noticias\/wp-json\/wp\/v2\/types\/post"}],"author":[{"embeddable":true,"href":"https:\/\/sucurriculum.com\/noticias\/wp-json\/wp\/v2\/users\/2"}],"replies":[{"embeddable":true,"href":"https:\/\/sucurriculum.com\/noticias\/wp-json\/wp\/v2\/comments?post=4373"}],"version-history":[{"count":1,"href":"https:\/\/sucurriculum.com\/noticias\/wp-json\/wp\/v2\/posts\/4373\/revisions"}],"predecessor-version":[{"id":4375,"href":"https:\/\/sucurriculum.com\/noticias\/wp-json\/wp\/v2\/posts\/4373\/revisions\/4375"}],"wp:featuredmedia":[{"embeddable":true,"href":"https:\/\/sucurriculum.com\/noticias\/wp-json\/wp\/v2\/media\/4374"}],"wp:attachment":[{"href":"https:\/\/sucurriculum.com\/noticias\/wp-json\/wp\/v2\/media?parent=4373"}],"wp:term":[{"taxonomy":"category","embeddable":true,"href":"https:\/\/sucurriculum.com\/noticias\/wp-json\/wp\/v2\/categories?post=4373"},{"taxonomy":"post_tag","embeddable":true,"href":"https:\/\/sucurriculum.com\/noticias\/wp-json\/wp\/v2\/tags?post=4373"}],"curies":[{"name":"wp","href":"https:\/\/api.w.org\/{rel}","templated":true}]}}