{"id":4281,"date":"2021-03-31T08:16:32","date_gmt":"2021-03-31T06:16:32","guid":{"rendered":"https:\/\/sucurriculum.com\/noticias\/?p=4281"},"modified":"2021-03-31T08:16:32","modified_gmt":"2021-03-31T06:16:32","slug":"la-fabricacion-de-baterias-creara-1-300-empleos-en-extremadura","status":"publish","type":"post","link":"https:\/\/sucurriculum.com\/noticias\/la-fabricacion-de-baterias-creara-1-300-empleos-en-extremadura\/","title":{"rendered":"La fabricaci\u00f3n de bater\u00edas crear\u00e1 1.300 empleos en Extremadura"},"content":{"rendered":"\n<p>Es la iniciativa empresarial m\u00e1s importante para la regi\u00f3n de los \u00faltimos 25 a\u00f1os. La empresa Phi4Tech va a poner en marcha en Extremadura un proyecto integral para la construcci\u00f3n de bater\u00edas de coches el\u00e9ctricos que incluir\u00e1 la construcci\u00f3n de dos f\u00e1bricas en la provincia de C\u00e1ceres y Badajoz y la puesta en servicio de las minas de litio de Ca\u00f1averal y n\u00edquiel de Monesterio.<\/p>\n\n\n\n<p>En total, m\u00e1s de 1.000 millones de inversi\u00f3n, de los que 600 \u201cya est\u00e1n asegurados\u201d (los de las dos f\u00e1bricas), y 1.300 empleos directos a los que habr\u00e1 que a\u00f1adir los indirectos. \u201cUn proyecto de Extremadura para el mundo\u201d, ha asegurado este mi\u00e9rcoles en su presentaci\u00f3n Alejandro Ayala, socio referencial de esta iniciativa empresarial, denominada Proyecto Integral de Almacenamiento Energ\u00e9tico en Extremadura. \u201cSe trata de una iniciativa \u00edntegramente privada y ya cuenta con financiaci\u00f3n, con clientes y con proyectos\u201d, ha dicho.<\/p>\n\n\n\n<p>Seg\u00fan ha explicado, se construir\u00e1 una f\u00e1brica de celdas de bater\u00edas en la Plataforma Log\u00edstica de Badajoz, la primera del sur de Europa de estas caracter\u00edsticas, y otra planta de c\u00e1todos en una ubicaci\u00f3n a\u00fan por determinar en la provincia de C\u00e1ceres. Se abastecer\u00e1n del litio de la mina de Ca\u00f1averal, con cuyos promotores hay \u201cun acuerdo estrat\u00e9gico\u201d, y tambi\u00e9n de la mina de n\u00edquel de Monesterio, que volver\u00e1 a entrar en funcionamiento tras su compra.<\/p>\n","protected":false},"excerpt":{"rendered":"<p>La empresa Phi4Tech va a poner en marcha en Extremadura un proyecto integral para la construcci\u00f3n de bater\u00edas de coches el\u00e9ctricos.<\/p>\n","protected":false},"author":2,"featured_media":4282,"comment_status":"open","ping_status":"open","sticky":false,"template":"","format":"standard","meta":{"footnotes":""},"categories":[2],"tags":[1624,1575,95,1182,124],"class_list":["post-4281","post","type-post","status-publish","format-standard","has-post-thumbnail","hentry","category-noticias","tag-1624","tag-baterias","tag-empleos","tag-extremadura","tag-fabricacion"],"amp_enabled":true,"_links":{"self":[{"href":"https:\/\/sucurriculum.com\/noticias\/wp-json\/wp\/v2\/posts\/4281","targetHints":{"allow":["GET"]}}],"collection":[{"href":"https:\/\/sucurriculum.com\/noticias\/wp-json\/wp\/v2\/posts"}],"about":[{"href":"https:\/\/sucurriculum.com\/noticias\/wp-json\/wp\/v2\/types\/post"}],"author":[{"embeddable":true,"href":"https:\/\/sucurriculum.com\/noticias\/wp-json\/wp\/v2\/users\/2"}],"replies":[{"embeddable":true,"href":"https:\/\/sucurriculum.com\/noticias\/wp-json\/wp\/v2\/comments?post=4281"}],"version-history":[{"count":1,"href":"https:\/\/sucurriculum.com\/noticias\/wp-json\/wp\/v2\/posts\/4281\/revisions"}],"predecessor-version":[{"id":4283,"href":"https:\/\/sucurriculum.com\/noticias\/wp-json\/wp\/v2\/posts\/4281\/revisions\/4283"}],"wp:featuredmedia":[{"embeddable":true,"href":"https:\/\/sucurriculum.com\/noticias\/wp-json\/wp\/v2\/media\/4282"}],"wp:attachment":[{"href":"https:\/\/sucurriculum.com\/noticias\/wp-json\/wp\/v2\/media?parent=4281"}],"wp:term":[{"taxonomy":"category","embeddable":true,"href":"https:\/\/sucurriculum.com\/noticias\/wp-json\/wp\/v2\/categories?post=4281"},{"taxonomy":"post_tag","embeddable":true,"href":"https:\/\/sucurriculum.com\/noticias\/wp-json\/wp\/v2\/tags?post=4281"}],"curies":[{"name":"wp","href":"https:\/\/api.w.org\/{rel}","templated":true}]}}