{"id":4278,"date":"2021-03-31T08:11:16","date_gmt":"2021-03-31T06:11:16","guid":{"rendered":"https:\/\/sucurriculum.com\/noticias\/?p=4278"},"modified":"2021-03-31T08:11:16","modified_gmt":"2021-03-31T06:11:16","slug":"el-precio-de-la-luz-se-dispara-de-nuevo-en-marzo","status":"publish","type":"post","link":"https:\/\/sucurriculum.com\/noticias\/el-precio-de-la-luz-se-dispara-de-nuevo-en-marzo\/","title":{"rendered":"El precio de la luz se dispara de nuevo en marzo"},"content":{"rendered":"\n<p>El recibo de la electricidad de un consumidor medio alcanza los 55,20 euros en lo que va de marzo, lo que supone un coste diario un 12,6% superior al del mismo periodo del mes de febrero, cuando alcanzaba 49,03 euros.<\/p>\n\n\n\n<p>Seg\u00fan el simulador de la factura de la electricidad de la Comisi\u00f3n Nacional de los Mercados y la Competencia (CNMC), con respecto a marzo de 2020, cuando se declar\u00f3 el estado de alarma, el recibo experimenta tambi\u00e9n una subida importante, en este caso del 16,2%, puesto que entonces fue de 47,52 euros.<\/p>\n\n\n\n<p>De esta manera, el recibo vuelve a subir con fuerza despu\u00e9s de la tregua experimentada en febrero, cuando baj\u00f3 tras el fuerte incremento provocado por la borrasca Filomena y la ola de fr\u00edo en enero.<\/p>\n\n\n\n<p>Los factores que explican la subida de marzo son la ca\u00edda de la producci\u00f3n e\u00f3lica que ha tenido que ser cubierta en gran parte por los ciclos combinados de gas, materia prima que sigue disparada y que adem\u00e1s debe compensar sus emisiones con los derechos del CO2 en m\u00e1ximos.<\/p>\n\n\n\n<p>En cuanto a la evoluci\u00f3n del coste de la electricidad con respecto al a\u00f1o pasado, la subida se explica tambi\u00e9n porque el a\u00f1o pasado se produjo una fuerte ca\u00edda de la demanda como consecuencia de las medidas aplicadas tras la declaraci\u00f3n del estado de alarma.<\/p>\n\n\n\n<p>As\u00ed, en marzo la electricidad volver\u00e1 a subir tras el descenso de febrero, que rompi\u00f3 con dos meses de incrementos que acabaron con 19 meses de descensos tras subir por \u00faltima vez en abril de 2019.<\/p>\n\n\n\n<p>Dicha evoluci\u00f3n del precio de la luz se corresponde con la factura de un consumidor medio con una potencia contratada de 4,4 kilovatios (kW) y una demanda anual de 3.900 kilovatios hora (kWh).<\/p>\n\n\n\n<p>Estas oscilaciones en el precio de la electricidad se producen b\u00e1sicamente por las variaciones en el coste de producci\u00f3n, que se incrementa cuando hay poca aportaci\u00f3n de fuentes de generaci\u00f3n renovable como el agua y el viento y mucha de fuentes f\u00f3siles m\u00e1s caras, especialmente el gas o el carb\u00f3n. Tambi\u00e9n se ve afectado por otros factores como el precio del petr\u00f3leo.<\/p>\n","protected":false},"excerpt":{"rendered":"<p>El recibo de la electricidad de un consumidor medio alcanza los 55,20 euros en lo que va de marzo, lo que supone un coste diario un 12,6% superior al del mismo periodo del mes de febrero.<\/p>\n","protected":false},"author":2,"featured_media":4279,"comment_status":"open","ping_status":"open","sticky":false,"template":"","format":"standard","meta":{"footnotes":""},"categories":[66],"tags":[1545,665,7,2165,320,421,478,1869],"class_list":["post-4278","post","type-post","status-publish","format-standard","has-post-thumbnail","hentry","category-noticias-actualidad","tag-1545","tag-ciento","tag-luz","tag-marzo","tag-mas","tag-por","tag-precio","tag-sube"],"amp_enabled":true,"_links":{"self":[{"href":"https:\/\/sucurriculum.com\/noticias\/wp-json\/wp\/v2\/posts\/4278","targetHints":{"allow":["GET"]}}],"collection":[{"href":"https:\/\/sucurriculum.com\/noticias\/wp-json\/wp\/v2\/posts"}],"about":[{"href":"https:\/\/sucurriculum.com\/noticias\/wp-json\/wp\/v2\/types\/post"}],"author":[{"embeddable":true,"href":"https:\/\/sucurriculum.com\/noticias\/wp-json\/wp\/v2\/users\/2"}],"replies":[{"embeddable":true,"href":"https:\/\/sucurriculum.com\/noticias\/wp-json\/wp\/v2\/comments?post=4278"}],"version-history":[{"count":1,"href":"https:\/\/sucurriculum.com\/noticias\/wp-json\/wp\/v2\/posts\/4278\/revisions"}],"predecessor-version":[{"id":4280,"href":"https:\/\/sucurriculum.com\/noticias\/wp-json\/wp\/v2\/posts\/4278\/revisions\/4280"}],"wp:featuredmedia":[{"embeddable":true,"href":"https:\/\/sucurriculum.com\/noticias\/wp-json\/wp\/v2\/media\/4279"}],"wp:attachment":[{"href":"https:\/\/sucurriculum.com\/noticias\/wp-json\/wp\/v2\/media?parent=4278"}],"wp:term":[{"taxonomy":"category","embeddable":true,"href":"https:\/\/sucurriculum.com\/noticias\/wp-json\/wp\/v2\/categories?post=4278"},{"taxonomy":"post_tag","embeddable":true,"href":"https:\/\/sucurriculum.com\/noticias\/wp-json\/wp\/v2\/tags?post=4278"}],"curies":[{"name":"wp","href":"https:\/\/api.w.org\/{rel}","templated":true}]}}