{"id":4275,"date":"2021-03-30T10:00:00","date_gmt":"2021-03-30T08:00:00","guid":{"rendered":"https:\/\/sucurriculum.com\/noticias\/?p=4275"},"modified":"2021-03-30T10:00:00","modified_gmt":"2021-03-30T08:00:00","slug":"mercadona-oferta-empleos-fijos-para-medicos","status":"publish","type":"post","link":"https:\/\/sucurriculum.com\/noticias\/mercadona-oferta-empleos-fijos-para-medicos\/","title":{"rendered":"Mercadona oferta empleos fijos para m\u00e9dicos"},"content":{"rendered":"\n<p>Mercadona busca m\u00e9dicos para trabajar en la cadena de supermercados con contratos indefinidos con sueldos que parten desde los 45.821 euros brutos iniciales con progresi\u00f3n hasta los 69.546 al cuarto a\u00f1o de permanencia en la compa\u00f1\u00eda.<\/p>\n\n\n\n<p>De acuerdo con la informaci\u00f3n suministrada por el Ministerio de Sanidad basada en un informe de la publicaci\u00f3n cient\u00edfica MedScape, el sueldo medio de un m\u00e9dico en Espa\u00f1a se sit\u00faa en los 53.000 anuales (51.000 si se trata de doctores de atenci\u00f3n primaria).<\/p>\n\n\n\n<p>Mercadona ha activado este mes de marzo ofertas de empleo dirigidas a personas con la licenciatura o el grado de Medicina en el Pa\u00eds Vasco, Navarra, La Rioja, Arag\u00f3n y Cantabria. Para esta vacantes resulta imprescindible residir en alguna de estas autonom\u00edas y contar con la especialidad de Medicina en el Trabajo.<\/p>\n\n\n\n<p>Mercadona tambi\u00e9n ha puesto en marcha en marzo los proceso de selecci\u00f3n de m\u00e9dicos en las provincias de Barcelona y Madrid.<\/p>\n\n\n\n<p>En todas las ofertas de empleo dirigidas a facultativos, la empresa presidida por Juan Roig ofrece empleo fijo desde el momento de la incorporaci\u00f3n a la compa\u00f1\u00eda con una salario inicial de 45.812 euros brutos anuales (3.817 al mes) con progresi\u00f3n al cuarto a\u00f1o hasta los 69.546 (equivalentes a una n\u00f3mina mensual de 5.795 euros).<\/p>\n\n\n\n<p>Al margen de la titulaci\u00f3n, Mercadona requiere a los aspirantes a las ofertas de empleo de m\u00e9dicos disponibilidad horaria de lunes a s\u00e1bado, carn\u00e9 de conducir y veh\u00edculo propio, capacidad de comunicaci\u00f3n e inter\u00e9s en el trabajo en equipo.<\/p>\n\n\n\n<p>Las vacantes dirigidas a titulados en Medicina forman parte de las \u00faltimas ofertas de empleo publicadas por Mercadona, que mayoritariamente busca en las \u00faltimas semanas personal para las secciones de sus supermercados con contratos temporales.<\/p>\n\n\n\n<p>Para poder optar a alguna de las ofertas de empleo resulta imprescindible estar inscrito en la bolsa de trabajo habilitada por la compa\u00f1\u00eda <a href=\"https:\/\/info.mercadona.es\/es\/conocenos\/empleo\">en su p\u00e1gina web<\/a>. Posteriormente hay que inscribirse en la oferta deseada. Cada vacante lleva asociado un c\u00f3digo de identificaci\u00f3n. Mercadona gestiona todo el proceso de recepci\u00f3n de candidaturas por v\u00eda telem\u00e1tica y cita a los aspirantes que superan la criba curricular para una entrevista personal previa a la contrataci\u00f3n definitiva.<\/p>\n","protected":false},"excerpt":{"rendered":"<p>Mercadona busca m\u00e9dicos para trabajar en la cadena de supermercados con contratos indefinidos con sueldos que parten desde los 45.821 euros brutos.<\/p>\n","protected":false},"author":2,"featured_media":4276,"comment_status":"open","ping_status":"open","sticky":false,"template":"","format":"standard","meta":{"footnotes":""},"categories":[65],"tags":[95,2350,1018,209,554],"class_list":["post-4275","post","type-post","status-publish","format-standard","has-post-thumbnail","hentry","category-ofertas-de-empleo","tag-empleos","tag-fijos","tag-medicos","tag-mercadona","tag-oferta"],"amp_enabled":true,"_links":{"self":[{"href":"https:\/\/sucurriculum.com\/noticias\/wp-json\/wp\/v2\/posts\/4275","targetHints":{"allow":["GET"]}}],"collection":[{"href":"https:\/\/sucurriculum.com\/noticias\/wp-json\/wp\/v2\/posts"}],"about":[{"href":"https:\/\/sucurriculum.com\/noticias\/wp-json\/wp\/v2\/types\/post"}],"author":[{"embeddable":true,"href":"https:\/\/sucurriculum.com\/noticias\/wp-json\/wp\/v2\/users\/2"}],"replies":[{"embeddable":true,"href":"https:\/\/sucurriculum.com\/noticias\/wp-json\/wp\/v2\/comments?post=4275"}],"version-history":[{"count":1,"href":"https:\/\/sucurriculum.com\/noticias\/wp-json\/wp\/v2\/posts\/4275\/revisions"}],"predecessor-version":[{"id":4277,"href":"https:\/\/sucurriculum.com\/noticias\/wp-json\/wp\/v2\/posts\/4275\/revisions\/4277"}],"wp:featuredmedia":[{"embeddable":true,"href":"https:\/\/sucurriculum.com\/noticias\/wp-json\/wp\/v2\/media\/4276"}],"wp:attachment":[{"href":"https:\/\/sucurriculum.com\/noticias\/wp-json\/wp\/v2\/media?parent=4275"}],"wp:term":[{"taxonomy":"category","embeddable":true,"href":"https:\/\/sucurriculum.com\/noticias\/wp-json\/wp\/v2\/categories?post=4275"},{"taxonomy":"post_tag","embeddable":true,"href":"https:\/\/sucurriculum.com\/noticias\/wp-json\/wp\/v2\/tags?post=4275"}],"curies":[{"name":"wp","href":"https:\/\/api.w.org\/{rel}","templated":true}]}}