{"id":388,"date":"2020-04-15T10:15:45","date_gmt":"2020-04-15T08:15:45","guid":{"rendered":"https:\/\/sucurriculum.com\/noticias\/?p=388"},"modified":"2020-04-15T10:15:46","modified_gmt":"2020-04-15T08:15:46","slug":"trabajo-estudia-prolongar-los-erte-de-fuerza-mayor","status":"publish","type":"post","link":"https:\/\/sucurriculum.com\/noticias\/trabajo-estudia-prolongar-los-erte-de-fuerza-mayor\/","title":{"rendered":"Trabajo estudia prolongar los ERTE de fuerza mayor"},"content":{"rendered":"\n<p>La ministra de Trabajo, Yolanda D\u00edaz, ha admitido que el Gobierno estudia prolongar los expedientes de regulaci\u00f3n temporal de empleo de fuerza mayor causados por el coronavirus en los sectores m\u00e1s golpeados por la crisis. Con esa extensi\u00f3n, se alargar\u00eda tambi\u00e9n los beneficios que llevan aparejados: ayudas para afectados y exenci\u00f3n de cuotas a la Seguridad Social. No obstante, esa pr\u00f3rroga no ser\u00eda general sino que se baraja para los sectores m\u00e1s golpeados, como el turismo o el comercio, seg\u00fan ha apuntado la propia ministra en una videoconferencia que ha mantenido este jueves convocada por la patronal catalana Pimec.<\/p>\n\n\n\n<p>D\u00edaz ha explicado que el objetivo es contener la destrucci\u00f3n de empleo. Trabajo prev\u00e9 que hay sectores como el comercio, la restauraci\u00f3n o el turismo en los que la actividad tardar\u00e1 en recuperar la normalidad y de ah\u00ed que se abra a esta opci\u00f3n: \u00abNuestro equipo trabaja en que estos sectores van a continuar en fuerza mayor. Y por lo tanto deber\u00edan mantenerse las medidas excepcionales para evitar que muchas empresas cierren\u201d, ha expuesto en un encuentro virtual con varios centenares de asociados a Pimec, patronal de pymes catalana.<\/p>\n\n\n\n<p>Esta medida hab\u00eda sido ya reclamada por otras patronales, como Cepyme. Su presidente, Gerardo Cuerva, lo pidi\u00f3 en un video difundido en redes sociales ya a comienzos de mes.<\/p>\n\n\n\n<p>El calendario de salida de la situaci\u00f3n seguir\u00e1 las recomendaciones sanitarias, seg\u00fan la ministra, pero s\u00ed que ha dado por hecho que los restaurantes, por ejemplo, se reincorporar\u00e1n de manera escalonada y, por tanto, encontrar\u00e1n \u201cenormes dificultades\u201d para volver a la normalidad. Adem\u00e1s de los sectores citados, el Gobierno prev\u00e9 tambi\u00e9n un impacto \u201cfort\u00edsimo\u201d de la crisis del coronavirus en la navegaci\u00f3n a\u00e9rea y mar\u00edtima y la construcci\u00f3n.<\/p>\n\n\n\n<p>Adem\u00e1s de los sectores, D\u00edaz tambi\u00e9n ha se\u00f1alado que puede que la prolongaci\u00f3n de los ERTE de fuerza mayor no se apliquen a todas las empresas de estos sectores m\u00e1s vulnerables, ya que considera que las grandes corporaciones no necesitan estas ayudas especiales m\u00e1s all\u00e1 del estado de alarma, dado que cuentan con capacidades propias.<\/p>\n\n\n\n<p>\u201cHay empresas grandes que no tienen por qu\u00e9 acogerse porque tienen capacidad, pero otras deben necesitar que las amortig\u00fcen porque son claves los ERTE para no destruir empleo\u00bb, ha apuntado. Ante el alud de preocupaciones expresadas por los representantes de las peque\u00f1as y medianas empresas, D\u00edaz les ha animado a continuar trabajando y les ha trasladado el compromiso del Gobierno de que \u201cnadie se quede atr\u00e1s\u201d. \u201cSoy consciente que hay des\u00e1nimo, pero hay que seguir. Os pido un trabajo cooperativo\u201d, ha insistido en la videoconferencia.<\/p>\n","protected":false},"excerpt":{"rendered":"<p>La ministra de Trabajo, Yolanda D\u00edaz, ha admitido que el Gobierno estudia prolongar los expedientes de regulaci\u00f3n temporal de empleo de fuerza mayor causados por el coronavirus en los sectores m\u00e1s golpeados por la crisis.<\/p>\n","protected":false},"author":2,"featured_media":389,"comment_status":"open","ping_status":"open","sticky":false,"template":"","format":"standard","meta":{"footnotes":""},"categories":[66],"tags":[321,239,317,320,318,316,319,169],"class_list":["post-388","post","type-post","status-publish","format-standard","has-post-thumbnail","hentry","category-noticias-actualidad","tag-afectados","tag-erte","tag-fuerza","tag-mas","tag-mayor","tag-prolongar","tag-sectores","tag-trabajo"],"amp_enabled":true,"_links":{"self":[{"href":"https:\/\/sucurriculum.com\/noticias\/wp-json\/wp\/v2\/posts\/388","targetHints":{"allow":["GET"]}}],"collection":[{"href":"https:\/\/sucurriculum.com\/noticias\/wp-json\/wp\/v2\/posts"}],"about":[{"href":"https:\/\/sucurriculum.com\/noticias\/wp-json\/wp\/v2\/types\/post"}],"author":[{"embeddable":true,"href":"https:\/\/sucurriculum.com\/noticias\/wp-json\/wp\/v2\/users\/2"}],"replies":[{"embeddable":true,"href":"https:\/\/sucurriculum.com\/noticias\/wp-json\/wp\/v2\/comments?post=388"}],"version-history":[{"count":1,"href":"https:\/\/sucurriculum.com\/noticias\/wp-json\/wp\/v2\/posts\/388\/revisions"}],"predecessor-version":[{"id":390,"href":"https:\/\/sucurriculum.com\/noticias\/wp-json\/wp\/v2\/posts\/388\/revisions\/390"}],"wp:featuredmedia":[{"embeddable":true,"href":"https:\/\/sucurriculum.com\/noticias\/wp-json\/wp\/v2\/media\/389"}],"wp:attachment":[{"href":"https:\/\/sucurriculum.com\/noticias\/wp-json\/wp\/v2\/media?parent=388"}],"wp:term":[{"taxonomy":"category","embeddable":true,"href":"https:\/\/sucurriculum.com\/noticias\/wp-json\/wp\/v2\/categories?post=388"},{"taxonomy":"post_tag","embeddable":true,"href":"https:\/\/sucurriculum.com\/noticias\/wp-json\/wp\/v2\/tags?post=388"}],"curies":[{"name":"wp","href":"https:\/\/api.w.org\/{rel}","templated":true}]}}