{"id":377,"date":"2020-04-14T11:54:20","date_gmt":"2020-04-14T09:54:20","guid":{"rendered":"https:\/\/sucurriculum.com\/noticias\/?p=377"},"modified":"2020-04-14T11:54:21","modified_gmt":"2020-04-14T09:54:21","slug":"unos-vecinos-piden-a-una-trabajadora-de-un-super-que-se-vaya-de-su-casa","status":"publish","type":"post","link":"https:\/\/sucurriculum.com\/noticias\/unos-vecinos-piden-a-una-trabajadora-de-un-super-que-se-vaya-de-su-casa\/","title":{"rendered":"Unos vecinos piden a una trabajadora de un s\u00faper que se vaya de su casa"},"content":{"rendered":"\n<p>La crisis sanitaria del coronavirus est\u00e1 provocando el recelo de muchas personas hacia los trabajadores que contin\u00faan en activo debido a que su labor est\u00e1 considerada esencial o est\u00e1 permitida por el Gobierno.<\/p>\n\n\n\n<p>Este es el caso de los empleados de los supermercados, sin los que no habr\u00eda manera de que estos establecimientos que nos permiten comprar comida funcionasen. Esto, al parecer, no lo entienden un grupo de vecinos de Cartagena, en Murcia, que han pedido a una vecina que trabaja en un supermercado que se vaya a a vivir a otro sitio debido a que por su profesi\u00f3n est\u00e1 m\u00e1s expuesta al virus que otros trabajadores.<\/p>\n\n\n\n<p><strong>\u00abSomos tus vecinos y queremos pedirte por el bien de todos que te busques otra vivienda mientras dura esto ya que hemos visto que trabajas en un supermercado y aqu\u00ed vivimos muchas personas. No queremos m\u00e1s riesgos\u00bb<\/strong>, dice la nota pegada en un espejo a la entrada del edificio.<\/p>\n\n\n\n<figure class=\"wp-block-image size-large\"><img loading=\"lazy\" decoding=\"async\" width=\"656\" height=\"370\" src=\"https:\/\/sucurriculum.com\/noticias\/wp-content\/uploads\/2020\/04\/nota-vecinal-para-una-trabajadora.jpeg\" alt=\"\" class=\"wp-image-378\" srcset=\"https:\/\/sucurriculum.com\/noticias\/wp-content\/uploads\/2020\/04\/nota-vecinal-para-una-trabajadora.jpeg 656w, https:\/\/sucurriculum.com\/noticias\/wp-content\/uploads\/2020\/04\/nota-vecinal-para-una-trabajadora-300x169.jpeg 300w, https:\/\/sucurriculum.com\/noticias\/wp-content\/uploads\/2020\/04\/nota-vecinal-para-una-trabajadora-410x231.jpeg 410w, https:\/\/sucurriculum.com\/noticias\/wp-content\/uploads\/2020\/04\/nota-vecinal-para-una-trabajadora-100x56.jpeg 100w, https:\/\/sucurriculum.com\/noticias\/wp-content\/uploads\/2020\/04\/nota-vecinal-para-una-trabajadora-275x155.jpeg 275w\" sizes=\"auto, (max-width: 656px) 100vw, 656px\" \/><figcaption>Aqu\u00ed la imagen de los carteles<\/figcaption><\/figure>\n\n\n\n<p>La respuesta de Miriam Armero ha sido dejando otra nota en el espejo en la que ha pedido un poco de \u00abempat\u00eda\u00bb a sus vecinos, a los que ha recordado que gracias a su trabajo pueden comer cada d\u00eda. Armero ha calificado este gesto de \u00abcobarde\u00bb y ha amenazado con denunciar a la comunidad a menos que los responsables den un paso al frente.<\/p>\n\n\n\n<p><strong>Pero lo que m\u00e1s le ha dolido a esta vecina de Cartagena es que su hijo de 10 a\u00f1os haya visto la nota, un hecho por el que se puso a llorar al creer que lo iban a echar de su casa.<\/strong> Esta trabajadora de supermercado ha querido adem\u00e1s dejar claro que extrema las medidas de higiene con su familia y que no besa a sus hijos hasta que no se ha desinfectado.<\/p>\n","protected":false},"excerpt":{"rendered":"<p>Un grupo de vecinos de Cartagena, en Murcia, han pedido a una vecina que trabaja en un supermercado que se vaya a a vivir a otro sitio debido a que por su profesi\u00f3n est\u00e1 m\u00e1s expuesta al virus que otros trabajadores.<\/p>\n","protected":false},"author":2,"featured_media":379,"comment_status":"open","ping_status":"open","sticky":false,"template":"","format":"standard","meta":{"footnotes":""},"categories":[66],"tags":[9,307,304,305,164,306,294],"class_list":["post-377","post","type-post","status-publish","format-standard","has-post-thumbnail","hentry","category-noticias-actualidad","tag-casa","tag-otra","tag-pidem","tag-supermercado","tag-trabajadora","tag-vaya","tag-vecinos"],"amp_enabled":true,"_links":{"self":[{"href":"https:\/\/sucurriculum.com\/noticias\/wp-json\/wp\/v2\/posts\/377","targetHints":{"allow":["GET"]}}],"collection":[{"href":"https:\/\/sucurriculum.com\/noticias\/wp-json\/wp\/v2\/posts"}],"about":[{"href":"https:\/\/sucurriculum.com\/noticias\/wp-json\/wp\/v2\/types\/post"}],"author":[{"embeddable":true,"href":"https:\/\/sucurriculum.com\/noticias\/wp-json\/wp\/v2\/users\/2"}],"replies":[{"embeddable":true,"href":"https:\/\/sucurriculum.com\/noticias\/wp-json\/wp\/v2\/comments?post=377"}],"version-history":[{"count":1,"href":"https:\/\/sucurriculum.com\/noticias\/wp-json\/wp\/v2\/posts\/377\/revisions"}],"predecessor-version":[{"id":380,"href":"https:\/\/sucurriculum.com\/noticias\/wp-json\/wp\/v2\/posts\/377\/revisions\/380"}],"wp:featuredmedia":[{"embeddable":true,"href":"https:\/\/sucurriculum.com\/noticias\/wp-json\/wp\/v2\/media\/379"}],"wp:attachment":[{"href":"https:\/\/sucurriculum.com\/noticias\/wp-json\/wp\/v2\/media?parent=377"}],"wp:term":[{"taxonomy":"category","embeddable":true,"href":"https:\/\/sucurriculum.com\/noticias\/wp-json\/wp\/v2\/categories?post=377"},{"taxonomy":"post_tag","embeddable":true,"href":"https:\/\/sucurriculum.com\/noticias\/wp-json\/wp\/v2\/tags?post=377"}],"curies":[{"name":"wp","href":"https:\/\/api.w.org\/{rel}","templated":true}]}}