{"id":374,"date":"2020-04-14T11:45:55","date_gmt":"2020-04-14T09:45:55","guid":{"rendered":"https:\/\/sucurriculum.com\/noticias\/?p=374"},"modified":"2020-04-14T11:45:55","modified_gmt":"2020-04-14T09:45:55","slug":"inditex-pagara-integramente-las-nominas-de-abril-de-sus-empleados-de-espana","status":"publish","type":"post","link":"https:\/\/sucurriculum.com\/noticias\/inditex-pagara-integramente-las-nominas-de-abril-de-sus-empleados-de-espana\/","title":{"rendered":"Inditex pagar\u00e1 integramente las n\u00f3minas de Abril de sus empleados de Espa\u00f1a"},"content":{"rendered":"\n<p>Inditex anunci\u00f3 este lunes que no presentar\u00e1 el Expediente de Regulaci\u00f3n Temporal de Empleo (ERTE) de 25.000 trabajadores que estaba previsto si el estado de alarma se extend\u00eda m\u00e1s all\u00e1 del 15 de abril.<\/p>\n\n\n\n<p>Seg\u00fan ha se\u00f1alado la compa\u00f1\u00eda en un comunicado, su presidente, Pablo Isla, anunci\u00f3 que la compa\u00f1\u00eda ha decidido no presentar ning\u00fan ERTE en el mes de abril para el personal de tiendas, por lo que seguir\u00e1 sufragando la retribuci\u00f3n de toda su plantilla en Espa\u00f1a.<\/p>\n\n\n\n<p>As\u00ed, Inditex indic\u00f3 que \u201cen funci\u00f3n del desarrollo de la emergencia sanitaria y del estado de actividad de las tiendas, la empresa podr\u00e1 estudiar m\u00e1s adelante la posibilidad de aplicar, para el personal de tienda, alguna de las herramientas propuestas por el Gobierno para preservar empleo\u201d.<\/p>\n\n\n\n<p>De esta forma la compa\u00f1\u00eda no presentar\u00e1 por el momento el ERTE que anunci\u00f3 el pasado 19 de marzo, cuando se\u00f1al\u00f3 que realizar\u00eda un ERTE de 25.000 trabajadores en caso de que el estado de alarma se prolongar\u00e1 m\u00e1s all\u00e1 del 15 de abril, y en el que complementar\u00eda la prestaci\u00f3n, correspondiente al 70% del sueldo, que recibir\u00edan del Servicio P\u00fablico de Empleo Estatal (SEPE) los trabajadores afectados por el ERTE.<\/p>\n","protected":false},"excerpt":{"rendered":"<p>Inditex anunci\u00f3 este lunes que no presentar\u00e1 el Expediente de Regulaci\u00f3n Temporal de Empleo (ERTE) de 25.000 trabajadores que estaba previsto si el estado de alarma se extend\u00eda m\u00e1s all\u00e1 del 15 de abril.<\/p>\n","protected":false},"author":2,"featured_media":375,"comment_status":"open","ping_status":"open","sticky":false,"template":"","format":"standard","meta":{"footnotes":""},"categories":[66],"tags":[50,300,239,21,299,302,303,301],"class_list":["post-374","post","type-post","status-publish","format-standard","has-post-thumbnail","hentry","category-noticias-actualidad","tag-abril","tag-emlpeados","tag-erte","tag-espana","tag-inditex","tag-integramente","tag-nomina","tag-pagara-2"],"amp_enabled":true,"_links":{"self":[{"href":"https:\/\/sucurriculum.com\/noticias\/wp-json\/wp\/v2\/posts\/374","targetHints":{"allow":["GET"]}}],"collection":[{"href":"https:\/\/sucurriculum.com\/noticias\/wp-json\/wp\/v2\/posts"}],"about":[{"href":"https:\/\/sucurriculum.com\/noticias\/wp-json\/wp\/v2\/types\/post"}],"author":[{"embeddable":true,"href":"https:\/\/sucurriculum.com\/noticias\/wp-json\/wp\/v2\/users\/2"}],"replies":[{"embeddable":true,"href":"https:\/\/sucurriculum.com\/noticias\/wp-json\/wp\/v2\/comments?post=374"}],"version-history":[{"count":1,"href":"https:\/\/sucurriculum.com\/noticias\/wp-json\/wp\/v2\/posts\/374\/revisions"}],"predecessor-version":[{"id":376,"href":"https:\/\/sucurriculum.com\/noticias\/wp-json\/wp\/v2\/posts\/374\/revisions\/376"}],"wp:featuredmedia":[{"embeddable":true,"href":"https:\/\/sucurriculum.com\/noticias\/wp-json\/wp\/v2\/media\/375"}],"wp:attachment":[{"href":"https:\/\/sucurriculum.com\/noticias\/wp-json\/wp\/v2\/media?parent=374"}],"wp:term":[{"taxonomy":"category","embeddable":true,"href":"https:\/\/sucurriculum.com\/noticias\/wp-json\/wp\/v2\/categories?post=374"},{"taxonomy":"post_tag","embeddable":true,"href":"https:\/\/sucurriculum.com\/noticias\/wp-json\/wp\/v2\/tags?post=374"}],"curies":[{"name":"wp","href":"https:\/\/api.w.org\/{rel}","templated":true}]}}