{"id":370,"date":"2020-04-14T11:21:59","date_gmt":"2020-04-14T09:21:59","guid":{"rendered":"https:\/\/sucurriculum.com\/noticias\/?p=370"},"modified":"2020-04-14T11:21:59","modified_gmt":"2020-04-14T09:21:59","slug":"lamentable-cartel-que-le-han-dejado-los-vecinos-a-un-medico-en-alcazar-de-san-juan","status":"publish","type":"post","link":"https:\/\/sucurriculum.com\/noticias\/lamentable-cartel-que-le-han-dejado-los-vecinos-a-un-medico-en-alcazar-de-san-juan\/","title":{"rendered":"Lamentable cartel que le han dejado los vecinos a un m\u00e9dico en Alc\u00e1zar de San Juan"},"content":{"rendered":"\n<p>Indignaci\u00f3n generalizada en las redes sociales al hacerse p\u00fablico este domingo el lamentable cartel que los vecinos le han pegado en la puerta de su domicilio a un m\u00e9dico que presta sus servicios en el hospital Mancha Centro de Alc\u00e1zar de San Juan (Ciudad Real), una de las localidades de Castilla-La Mancha m\u00e1s afectadas por la pandemia de coronavirus.<\/p>\n\n\n\n<p>En el mensaje dirigido al doctor, que hace unas semanas lleg\u00f3 desde otro punto de Espa\u00f1a a Alc\u00e1zar para lucha contra el COVID-19, sus vecinos le piden que deje de dormir en casa y se traslade a un hotel que las autoridades han preparado para alojar a los sanitarios que as\u00ed lo deseen, aunque es un servicio opcional y nunca obligatorio.<\/p>\n\n\n\n<figure class=\"wp-block-image size-large\"><img loading=\"lazy\" decoding=\"async\" width=\"660\" height=\"680\" src=\"https:\/\/sucurriculum.com\/noticias\/wp-content\/uploads\/2020\/04\/WhatsAppok.jpg\" alt=\"\" class=\"wp-image-371\" srcset=\"https:\/\/sucurriculum.com\/noticias\/wp-content\/uploads\/2020\/04\/WhatsAppok.jpg 660w, https:\/\/sucurriculum.com\/noticias\/wp-content\/uploads\/2020\/04\/WhatsAppok-291x300.jpg 291w, https:\/\/sucurriculum.com\/noticias\/wp-content\/uploads\/2020\/04\/WhatsAppok-410x422.jpg 410w, https:\/\/sucurriculum.com\/noticias\/wp-content\/uploads\/2020\/04\/WhatsAppok-100x103.jpg 100w, https:\/\/sucurriculum.com\/noticias\/wp-content\/uploads\/2020\/04\/WhatsAppok-275x283.jpg 275w\" sizes=\"auto, (max-width: 660px) 100vw, 660px\" \/><\/figure>\n\n\n\n<p>Por miedo a ser contagiados, y haciendo gala de un ego\u00edsmo inusitado, el autor o autores del cartel agradecen al m\u00e9dico su \u00abbuena labor\u00bb en el hospital pero le piden que tambi\u00e9n piense en sus vecinos, porque en la urbanizaci\u00f3n viven \u00abancianos y ni\u00f1os\u00bb. Para ello, le sugieren que se aloje \u00aben el (hotel) Barataria\u00bb como est\u00e1n haciendo otros profesionales de su gremio.<\/p>\n\n\n\n<p>\u00abMientras esto dure te pido que lo pienses\u00bb, finaliza el vecino que ha colado el vergonzoso cartel en la misma puerta del domicilio del m\u00e9dico.<\/p>\n\n\n\n<p><strong>Recogida de firmas<\/strong><\/p>\n\n\n\n<p>Tal es la indignaci\u00f3n que ha generado en toda Espa\u00f1a esta situaci\u00f3n que se ha creado una plataforma de apoyo al m\u00e9dico afectado, que ya cuenta con m\u00e1s de 500 firmas.<\/p>\n\n\n\n<p>\u00abAlc\u00e1zar de San Juan se caracteriza por poblaci\u00f3n solidaria y cosmopolita, y debemos de condenar como sociedad \u00e9sta acci\u00f3n y mostrar apoyo a nuestro vecino, en este caso un m\u00e9dico de otra parte de Espa\u00f1a, pero siendo uno m\u00e1s. Como ciudadan\u00eda debemos de dar ejemplo. No s\u00e9 si hay alguna formula legal contra esta acci\u00f3n, pero al menos mostrar p\u00fablicamente el apoyo de un pueblo hacia un h\u00e9roe sin capa. Es un honor tened un vecino as\u00ed\u00bb, afirma el promotores de la iniciativa de apoyo al doctor agraviado.<\/p>\n","protected":false},"excerpt":{"rendered":"<p>Sus vecinos le piden que deje de dormir en casa y se traslade a un hotel<\/p>\n","protected":false},"author":2,"featured_media":372,"comment_status":"open","ping_status":"open","sticky":false,"template":"","format":"standard","meta":{"footnotes":""},"categories":[66],"tags":[295,293,297,292,298,296,294],"class_list":["post-370","post","type-post","status-publish","format-standard","has-post-thumbnail","hentry","category-noticias-actualidad","tag-alcazar","tag-cartel","tag-juan","tag-lamentable","tag-medico","tag-san","tag-vecinos"],"amp_enabled":true,"_links":{"self":[{"href":"https:\/\/sucurriculum.com\/noticias\/wp-json\/wp\/v2\/posts\/370","targetHints":{"allow":["GET"]}}],"collection":[{"href":"https:\/\/sucurriculum.com\/noticias\/wp-json\/wp\/v2\/posts"}],"about":[{"href":"https:\/\/sucurriculum.com\/noticias\/wp-json\/wp\/v2\/types\/post"}],"author":[{"embeddable":true,"href":"https:\/\/sucurriculum.com\/noticias\/wp-json\/wp\/v2\/users\/2"}],"replies":[{"embeddable":true,"href":"https:\/\/sucurriculum.com\/noticias\/wp-json\/wp\/v2\/comments?post=370"}],"version-history":[{"count":1,"href":"https:\/\/sucurriculum.com\/noticias\/wp-json\/wp\/v2\/posts\/370\/revisions"}],"predecessor-version":[{"id":373,"href":"https:\/\/sucurriculum.com\/noticias\/wp-json\/wp\/v2\/posts\/370\/revisions\/373"}],"wp:featuredmedia":[{"embeddable":true,"href":"https:\/\/sucurriculum.com\/noticias\/wp-json\/wp\/v2\/media\/372"}],"wp:attachment":[{"href":"https:\/\/sucurriculum.com\/noticias\/wp-json\/wp\/v2\/media?parent=370"}],"wp:term":[{"taxonomy":"category","embeddable":true,"href":"https:\/\/sucurriculum.com\/noticias\/wp-json\/wp\/v2\/categories?post=370"},{"taxonomy":"post_tag","embeddable":true,"href":"https:\/\/sucurriculum.com\/noticias\/wp-json\/wp\/v2\/tags?post=370"}],"curies":[{"name":"wp","href":"https:\/\/api.w.org\/{rel}","templated":true}]}}