{"id":3615,"date":"2020-12-28T22:26:09","date_gmt":"2020-12-28T21:26:09","guid":{"rendered":"https:\/\/sucurriculum.com\/noticias\/?p=3615"},"modified":"2020-12-28T22:26:09","modified_gmt":"2020-12-28T21:26:09","slug":"subir-el-salario-minimo-destruira-135-000-empleos","status":"publish","type":"post","link":"https:\/\/sucurriculum.com\/noticias\/subir-el-salario-minimo-destruira-135-000-empleos\/","title":{"rendered":"Subir el salario m\u00ednimo destruir\u00e1 135.000 empleos"},"content":{"rendered":"\n<p>Elevar el salario m\u00ednimo interprofesional (SMI) hasta los mil euros (5,3 % m\u00e1s) el pr\u00f3ximo a\u00f1o tendr\u00eda un impacto negativo sobre el empleo, ya que se destruir\u00edan o dejar\u00edan de crear entre 85.000 y 135.000 puestos de trabajo en los dos pr\u00f3ximos a\u00f1os.<\/p>\n\n\n\n<p>As\u00ed se desprende de un informe elaborado por la patronal de las pymes Cepyme y Randstad Research, que detalla que la mayor parte de este impacto, hasta un 52 %, se concentrar\u00eda en los sectores de hosteler\u00eda y comercio, los m\u00e1s da\u00f1ados por la crisis de la covid.<\/p>\n\n\n\n<p>Adem\u00e1s, recuerda que las consecuencias de este incremento incidir\u00e1n especialmente en los j\u00f3venes y en los trabajadores con menor cualificaci\u00f3n, \u201cpara los que ser\u00e1 m\u00e1s dif\u00edcil encontrar empleo o conservar el que tienen\u201d.<\/p>\n\n\n\n<p>Esta eventual subida para 2021 supondr\u00eda un incremento acumulado de m\u00e1s del 52,6 % en cinco a\u00f1os, a\u00f1ade el informe. De hecho, entre 2016 y 2020 el SMI en Espa\u00f1a ha registrado un incremento acumulado -ajustado por paridad de poder adquisitivo- del 43,1 %, lo que sit\u00faa a Espa\u00f1a como el tercer pa\u00eds de Europa con mayor alza, tras Ruman\u00eda (65,5 %) y Lituania (49,6 %).<\/p>\n\n\n\n<p>El documento recuerda que esta subida del SMI se plantea en un momento \u201cmuy complicado para la econom\u00eda espa\u00f1ola y en una situaci\u00f3n extremadamente cr\u00edtica para muchas empresas\u201d, especialmente pymes. \u201cEl a\u00f1o 2020 puede cerrar con una p\u00e9rdida de m\u00e1s de un mill\u00f3n de empleos, entre la ca\u00edda de la afiliaci\u00f3n y los empleos que a\u00fan est\u00e1n en ERTE\u201d.<\/p>\n\n\n\n<p>En concreto, en el \u00faltimo a\u00f1o las afiliaciones descendieron en 355.000, el 1,83% del empleo total, pasando de los 19.376.878 afiliados a 30 de noviembre de 2019 a los 19.022.002 a 30 de noviembre de este a\u00f1o, mientras que 747.000 personas segu\u00edan afectadas por ERTE a 30 de noviembre, 148.000 m\u00e1s respecto al mes anterior. Igualmente, noviembre registr\u00f3 un total de 7,36 millones de demandantes de empleo, de los que 3,85 millones eran personas en paro.<\/p>\n","protected":false},"excerpt":{"rendered":"<p>Elevar el salario m\u00ednimo interprofesional hasta los mil euros   tendr\u00eda un impacto negativo sobre el empleo, ya que se destruir\u00edan entre 85.000 y 135.000<\/p>\n","protected":false},"author":2,"featured_media":3616,"comment_status":"open","ping_status":"open","sticky":false,"template":"","format":"standard","meta":{"footnotes":""},"categories":[2],"tags":[2134,523,2133,95,245,972],"class_list":["post-3615","post","type-post","status-publish","format-standard","has-post-thumbnail","hentry","category-noticias","tag-2134","tag-aumentar","tag-destruira","tag-empleos","tag-minimo","tag-salario"],"amp_enabled":true,"_links":{"self":[{"href":"https:\/\/sucurriculum.com\/noticias\/wp-json\/wp\/v2\/posts\/3615","targetHints":{"allow":["GET"]}}],"collection":[{"href":"https:\/\/sucurriculum.com\/noticias\/wp-json\/wp\/v2\/posts"}],"about":[{"href":"https:\/\/sucurriculum.com\/noticias\/wp-json\/wp\/v2\/types\/post"}],"author":[{"embeddable":true,"href":"https:\/\/sucurriculum.com\/noticias\/wp-json\/wp\/v2\/users\/2"}],"replies":[{"embeddable":true,"href":"https:\/\/sucurriculum.com\/noticias\/wp-json\/wp\/v2\/comments?post=3615"}],"version-history":[{"count":1,"href":"https:\/\/sucurriculum.com\/noticias\/wp-json\/wp\/v2\/posts\/3615\/revisions"}],"predecessor-version":[{"id":3617,"href":"https:\/\/sucurriculum.com\/noticias\/wp-json\/wp\/v2\/posts\/3615\/revisions\/3617"}],"wp:featuredmedia":[{"embeddable":true,"href":"https:\/\/sucurriculum.com\/noticias\/wp-json\/wp\/v2\/media\/3616"}],"wp:attachment":[{"href":"https:\/\/sucurriculum.com\/noticias\/wp-json\/wp\/v2\/media?parent=3615"}],"wp:term":[{"taxonomy":"category","embeddable":true,"href":"https:\/\/sucurriculum.com\/noticias\/wp-json\/wp\/v2\/categories?post=3615"},{"taxonomy":"post_tag","embeddable":true,"href":"https:\/\/sucurriculum.com\/noticias\/wp-json\/wp\/v2\/tags?post=3615"}],"curies":[{"name":"wp","href":"https:\/\/api.w.org\/{rel}","templated":true}]}}