{"id":3609,"date":"2020-12-28T00:15:32","date_gmt":"2020-12-27T23:15:32","guid":{"rendered":"https:\/\/sucurriculum.com\/noticias\/?p=3609"},"modified":"2020-12-29T08:06:30","modified_gmt":"2020-12-29T07:06:30","slug":"correos-lanza-una-nueva-oferta-de-empleo","status":"publish","type":"post","link":"https:\/\/sucurriculum.com\/noticias\/correos-lanza-una-nueva-oferta-de-empleo\/","title":{"rendered":"Correos lanza una nueva oferta de empleo"},"content":{"rendered":"\n<p>Correos ha lanzado una nueva convocatoria de empleo de hasta 3.254 plazas para puestos de reparto, atenci\u00f3n al cliente y clasificaci\u00f3n que comenzar\u00e1 en 2021, seg\u00fan informa la Central Sindical Independiente y de Funcionarios (CSIF).<\/p>\n\n\n\n<p>De acuerdo con la CSIF, la oferta est\u00e1 contemplada en los Presupuestos Generales del Estado e incluye 2.000 correspondientes al Acuerdo de Mejora de Empleo firmado con Correos en 2018 y 1.254 a las tasas de reposici\u00f3n para 2020.<\/p>\n\n\n\n<p>Adem\u00e1s, se pretenden ofertar 75 plazas m\u00e1s a lo largo del pr\u00f3ximo a\u00f1o para empleos cualificados de diversa \u00edndole \u00abpara cubrir estructura y apoyo\u00bb.<\/p>\n\n\n\n<p>La CSIF insiste en que esta oferta de empleo es complementaria a la que Correos lanz\u00f3 hace unos meses para 3.421 puestos de trabajo y que todav\u00eda no se ha podido ejecutar debido a la pandemia de coronavirus, que no ha propiciado las condiciones para las pertinentes pruebas.<\/p>\n\n\n\n<p>La combinaci\u00f3n de los ofertas es percibida por la CSIF como una buena se\u00f1al despu\u00e9s de la crisis de 2012 y el \u00ablastre de empleo\u00bb y la \u00abtemporalidad del 22%\u00bb que asola a Correos desde entonces.<\/p>\n","protected":false},"excerpt":{"rendered":"<p>Correos ha lanzado una nueva convocatoria de empleo de hasta 3.254 plazas para puestos de reparto, atenci\u00f3n al cliente y clasificaci\u00f3n.<\/p>\n","protected":false},"author":2,"featured_media":3610,"comment_status":"open","ping_status":"open","sticky":false,"template":"","format":"standard","meta":{"footnotes":""},"categories":[620],"tags":[613,137,445,554],"class_list":["post-3609","post","type-post","status-publish","format-standard","has-post-thumbnail","hentry","category-empleo-publico","tag-correos","tag-empleo","tag-nueva","tag-oferta"],"amp_enabled":true,"_links":{"self":[{"href":"https:\/\/sucurriculum.com\/noticias\/wp-json\/wp\/v2\/posts\/3609","targetHints":{"allow":["GET"]}}],"collection":[{"href":"https:\/\/sucurriculum.com\/noticias\/wp-json\/wp\/v2\/posts"}],"about":[{"href":"https:\/\/sucurriculum.com\/noticias\/wp-json\/wp\/v2\/types\/post"}],"author":[{"embeddable":true,"href":"https:\/\/sucurriculum.com\/noticias\/wp-json\/wp\/v2\/users\/2"}],"replies":[{"embeddable":true,"href":"https:\/\/sucurriculum.com\/noticias\/wp-json\/wp\/v2\/comments?post=3609"}],"version-history":[{"count":1,"href":"https:\/\/sucurriculum.com\/noticias\/wp-json\/wp\/v2\/posts\/3609\/revisions"}],"predecessor-version":[{"id":3611,"href":"https:\/\/sucurriculum.com\/noticias\/wp-json\/wp\/v2\/posts\/3609\/revisions\/3611"}],"wp:featuredmedia":[{"embeddable":true,"href":"https:\/\/sucurriculum.com\/noticias\/wp-json\/wp\/v2\/media\/3610"}],"wp:attachment":[{"href":"https:\/\/sucurriculum.com\/noticias\/wp-json\/wp\/v2\/media?parent=3609"}],"wp:term":[{"taxonomy":"category","embeddable":true,"href":"https:\/\/sucurriculum.com\/noticias\/wp-json\/wp\/v2\/categories?post=3609"},{"taxonomy":"post_tag","embeddable":true,"href":"https:\/\/sucurriculum.com\/noticias\/wp-json\/wp\/v2\/tags?post=3609"}],"curies":[{"name":"wp","href":"https:\/\/api.w.org\/{rel}","templated":true}]}}