{"id":360,"date":"2020-04-14T10:42:52","date_gmt":"2020-04-14T08:42:52","guid":{"rendered":"https:\/\/sucurriculum.com\/noticias\/?p=360"},"modified":"2020-04-14T10:43:24","modified_gmt":"2020-04-14T08:43:24","slug":"afectados-por-erte-cobraran-el-complemento-del-paro-por-hijo","status":"publish","type":"post","link":"https:\/\/sucurriculum.com\/noticias\/afectados-por-erte-cobraran-el-complemento-del-paro-por-hijo\/","title":{"rendered":"AFECTADOS POR ERTE: cobrar\u00e1n el complemento del paro por hijo"},"content":{"rendered":"\n<p>Nuevo cambio en la tramitaci\u00f3n para al menos centenares de miles de afectados por los expedientes temporales de regulaci\u00f3n de empleo. <\/p>\n\n\n\n<p>El Servicio de Empleo P\u00fablico Estatal (SEPE) ha publicado este lunes una nota en la que explica que comprobar\u00e1n de oficio la informaci\u00f3n para percibir la mejora en la prestaci\u00f3n del paro por hijos a cargo. De esta forma, los trabajadores no han de hacer ning\u00fan tr\u00e1mite al respecto.<\/p>\n\n\n\n<p>Despu\u00e9s de que los sindicatos alertaran de que hab\u00eda afectados por ERTE que no estaban recibiendo el complemento por n\u00famero de hijos, el Ministerio de Trabajo asegur\u00f3 que lo abonar\u00edan en su momento a cada trabajador que lo fuera reclamando. Sin embargo, el SEPE asegura ahora que no ser\u00e1 necesario este tr\u00e1mite por parte de los afectados. \u201cEl SEPE regularizar\u00e1 de oficio el aumento de las cantidades a quienes tengan derecho y no se disponga del dato de hijos e hijas a cargo, sin que las personas afectadas tengan que realizar reclamaci\u00f3n alguna\u201d, afirma la nota informativa.<\/p>\n\n\n\n<p>Ante la avalancha de solicitudes, Trabajo decidi\u00f3 acelerar el reconocimiento de las prestaciones para los trabajadores con expedientes temporales de regulaci\u00f3n de empleo vinculados a la Covid-19 obligando a las empresas a facilitar en bloque la informaci\u00f3n de los afectados, sin tener en cuenta el n\u00famero de descendientes. Y dejar para m\u00e1s adelante el abono de la mejora por hijo a cargo.<\/p>\n\n\n\n<p>La prestaci\u00f3n por desempleo m\u00e1xima es de 1.098,09 euros brutos para los que no tienen hijos; 1.254,96 euros para quienes tienen uno y de 1.411,83 euros, si se tienen dos o m\u00e1s hijos.<\/p>\n","protected":false},"excerpt":{"rendered":"<p>Comprobar\u00e1n de oficio la informaci\u00f3n para percibir la mejora en la prestaci\u00f3n del paro por hijos a cargo. De esta forma, los trabajadores no han de hacer ning\u00fan tr\u00e1mite al respecto.<\/p>\n","protected":false},"author":2,"featured_media":361,"comment_status":"open","ping_status":"open","sticky":false,"template":"","format":"standard","meta":{"footnotes":""},"categories":[35],"tags":[285,280,283,239,284],"class_list":["post-360","post","type-post","status-publish","format-standard","has-post-thumbnail","hentry","category-ayudas","tag-cargo","tag-cobro","tag-complemento","tag-erte","tag-hijo"],"amp_enabled":true,"_links":{"self":[{"href":"https:\/\/sucurriculum.com\/noticias\/wp-json\/wp\/v2\/posts\/360","targetHints":{"allow":["GET"]}}],"collection":[{"href":"https:\/\/sucurriculum.com\/noticias\/wp-json\/wp\/v2\/posts"}],"about":[{"href":"https:\/\/sucurriculum.com\/noticias\/wp-json\/wp\/v2\/types\/post"}],"author":[{"embeddable":true,"href":"https:\/\/sucurriculum.com\/noticias\/wp-json\/wp\/v2\/users\/2"}],"replies":[{"embeddable":true,"href":"https:\/\/sucurriculum.com\/noticias\/wp-json\/wp\/v2\/comments?post=360"}],"version-history":[{"count":2,"href":"https:\/\/sucurriculum.com\/noticias\/wp-json\/wp\/v2\/posts\/360\/revisions"}],"predecessor-version":[{"id":363,"href":"https:\/\/sucurriculum.com\/noticias\/wp-json\/wp\/v2\/posts\/360\/revisions\/363"}],"wp:featuredmedia":[{"embeddable":true,"href":"https:\/\/sucurriculum.com\/noticias\/wp-json\/wp\/v2\/media\/361"}],"wp:attachment":[{"href":"https:\/\/sucurriculum.com\/noticias\/wp-json\/wp\/v2\/media?parent=360"}],"wp:term":[{"taxonomy":"category","embeddable":true,"href":"https:\/\/sucurriculum.com\/noticias\/wp-json\/wp\/v2\/categories?post=360"},{"taxonomy":"post_tag","embeddable":true,"href":"https:\/\/sucurriculum.com\/noticias\/wp-json\/wp\/v2\/tags?post=360"}],"curies":[{"name":"wp","href":"https:\/\/api.w.org\/{rel}","templated":true}]}}