{"id":3573,"date":"2020-12-17T22:09:48","date_gmt":"2020-12-17T21:09:48","guid":{"rendered":"https:\/\/sucurriculum.com\/noticias\/?p=3573"},"modified":"2020-12-17T22:09:48","modified_gmt":"2020-12-17T21:09:48","slug":"escriva-propone-elevar-a-35-anos-el-calculo-de-la-pension","status":"publish","type":"post","link":"https:\/\/sucurriculum.com\/noticias\/escriva-propone-elevar-a-35-anos-el-calculo-de-la-pension\/","title":{"rendered":"Escriv\u00e1 propone elevar a 35 a\u00f1os el c\u00e1lculo de la pensi\u00f3n"},"content":{"rendered":"\n<p>El Ministerio de Seguridad Social, liderado por el socialista Jos\u00e9 Luis Escriv\u00e1, est\u00e1 estudiando elevar de 25 a 35 a\u00f1os el tiempo de carrera laboral que se utiliza para calcular la cuant\u00eda de la pensi\u00f3n. Pero Unidas Podemos rechaza frontalmente una medida que supondr\u00eda, a efectos pr\u00e1cticos, una rebaja de la prestaci\u00f3n para muchos de los futuros jubilados.<\/p>\n\n\n\n<p>Ayer, Escriv\u00e1 rechaz\u00f3 ofrecer detalles sobre esa propuesta \u2013aunque no desminti\u00f3 que su ministerio la est\u00e9 valorando\u2013 y se limit\u00f3 a pedir \u00abdiscreci\u00f3n\u00bb para no interferir en las conversaciones que tiene el Gobierno con patronal y sindicatos. Pero no es la primera vez que se plantea este tipo de reforma: ya en 2011 se aprob\u00f3 que el tiempo de c\u00f3mputo para calcular la pensi\u00f3n creciera de los 15 a los 25 a\u00f1os, una medida que se terminar\u00e1 de implementar en 2022.<\/p>\n\n\n\n<p>Todos los partidos salvo Vox acordaron hace unas semanas en las recomendaciones del Pacto de Toledo \u00abevaluar, a la mayor brevedad posible\u00bb, el \u00abimpacto\u00bb de la decisi\u00f3n adoptada en 2011 \u00aben funci\u00f3n del tipo de carrera profesional del trabajador\u00bb, ya que, seg\u00fan alertaban, \u00aba menudo\u00bb estas carreras est\u00e1n \u00abmarcadas por periodos de desempleo y de precariedad\u00bb. Y ese es el principal argumento por el que Podemos se opone a aumentar el tiempo de c\u00f3mputo a 35 a\u00f1os: porque podr\u00eda provocar una bajada en la cuant\u00eda de la pensi\u00f3n futura de los trabajadores que est\u00e9n durante un largo tiempo en paro o que al principio de sus carreras puedan cotizar poco.<\/p>\n\n\n\n<p>En este sentido, la portavoz org\u00e1nica de Podemos, Isa Serra, fue tajante: subir el n\u00famero de a\u00f1os utilizados para calcular la pensi\u00f3n \u00abno est\u00e1 en el acuerdo de coalici\u00f3n\u00bb y ser\u00eda dar pasos \u00abhacia atr\u00e1s\u00bb. \u00abNo es un paso en la buena direcci\u00f3n\u00bb, sostuvo Serra, que asegur\u00f3 que \u00abes vital garantizar el poder adquisitivo de los pensionistas\u00bb.<\/p>\n\n\n\n<p>Esta discrepancia se suma a las varias que, en las \u00faltimas semanas, han surgido en el Gobierno. Hoy, el Ministerio de Trabajo se re\u00fane con los agentes sociales para evaluar una subida del salario m\u00ednimo que la vicepresidenta Nadia Calvi\u00f1o (Econom\u00eda) y los empresarios rechazan. Y tampoco hay acuerdo en si el Estado debe compensar a bancos y grandes propietarios que no puedan desahuciar a familias vulnerables.<\/p>\n\n\n\n<h6 class=\"wp-block-heading\">Cuatro frentes abiertos<\/h6>\n\n\n\n<ul class=\"wp-block-list\"><li>El PSOE estudia subir a 35 a\u00f1os el periodo para calcular la cuant\u00eda de las pensiones y Unidas Podemos lo rechaza.<\/li><li>Los socialistas quieren compensar a peque\u00f1os y grandes propietarios por no poder desahuciar y Unidas Podemos solo lo pide para quien tenga menos de diez pisos.<\/li><li>Los morados quieren prohibir el corte de suministros y los socialistas solo ampliar el bono social.<\/li><li>Trabajo es partidario de subir el salario m\u00ednimo y Econom\u00eda, junto a los empresarios, se opone.<\/li><\/ul>\n","protected":false},"excerpt":{"rendered":"<p>El Ministerio de Seguridad Social, liderado por el socialista Jos\u00e9 Luis Escriv\u00e1, est\u00e1 estudiando elevar de 25 a 35 a\u00f1os el tiempo de carrera laboral.<\/p>\n","protected":false},"author":2,"featured_media":3574,"comment_status":"open","ping_status":"open","sticky":false,"template":"","format":"standard","meta":{"footnotes":""},"categories":[66],"tags":[1709,230,2121,2120,2118,1827,2119],"class_list":["post-3573","post","type-post","status-publish","format-standard","has-post-thumbnail","hentry","category-noticias-actualidad","tag-1709","tag-anos","tag-calculo","tag-elevar","tag-escriva","tag-pension-2","tag-propone"],"amp_enabled":true,"_links":{"self":[{"href":"https:\/\/sucurriculum.com\/noticias\/wp-json\/wp\/v2\/posts\/3573","targetHints":{"allow":["GET"]}}],"collection":[{"href":"https:\/\/sucurriculum.com\/noticias\/wp-json\/wp\/v2\/posts"}],"about":[{"href":"https:\/\/sucurriculum.com\/noticias\/wp-json\/wp\/v2\/types\/post"}],"author":[{"embeddable":true,"href":"https:\/\/sucurriculum.com\/noticias\/wp-json\/wp\/v2\/users\/2"}],"replies":[{"embeddable":true,"href":"https:\/\/sucurriculum.com\/noticias\/wp-json\/wp\/v2\/comments?post=3573"}],"version-history":[{"count":1,"href":"https:\/\/sucurriculum.com\/noticias\/wp-json\/wp\/v2\/posts\/3573\/revisions"}],"predecessor-version":[{"id":3575,"href":"https:\/\/sucurriculum.com\/noticias\/wp-json\/wp\/v2\/posts\/3573\/revisions\/3575"}],"wp:featuredmedia":[{"embeddable":true,"href":"https:\/\/sucurriculum.com\/noticias\/wp-json\/wp\/v2\/media\/3574"}],"wp:attachment":[{"href":"https:\/\/sucurriculum.com\/noticias\/wp-json\/wp\/v2\/media?parent=3573"}],"wp:term":[{"taxonomy":"category","embeddable":true,"href":"https:\/\/sucurriculum.com\/noticias\/wp-json\/wp\/v2\/categories?post=3573"},{"taxonomy":"post_tag","embeddable":true,"href":"https:\/\/sucurriculum.com\/noticias\/wp-json\/wp\/v2\/tags?post=3573"}],"curies":[{"name":"wp","href":"https:\/\/api.w.org\/{rel}","templated":true}]}}