{"id":3565,"date":"2020-12-17T21:15:03","date_gmt":"2020-12-17T20:15:03","guid":{"rendered":"https:\/\/sucurriculum.com\/noticias\/?p=3565"},"modified":"2020-12-17T21:16:55","modified_gmt":"2020-12-17T20:16:55","slug":"la-seguridad-social-penalizara-la-rescision-de-contratos-en-fines-de-semana","status":"publish","type":"post","link":"https:\/\/sucurriculum.com\/noticias\/la-seguridad-social-penalizara-la-rescision-de-contratos-en-fines-de-semana\/","title":{"rendered":"La Seguridad Social penalizar\u00e1 la rescisi\u00f3n de contratos en fines de semana"},"content":{"rendered":"\n<p>El ministro de Inclusi\u00f3n y Seguridad Social, Jos\u00e9 Luis Escriv\u00e1, ha avanzado que se ve a penalizar, a trav\u00e9s de una tasa, el uso inapropiado de contratos temporales de corta duraci\u00f3n para evitar el pago de cotizaciones sociales.<\/p>\n\n\n\n<p>En declaraciones en un encuentro NEF online, Escriv\u00e1 ha se\u00f1alado a la elevada rotaci\u00f3n de contratos en Espa\u00f1a y la \u00abcantidad de contratos de lunes a viernes para no pagar las cotizaciones sociales en s\u00e1bado y domingo  o en periodo de vacaciones\u00bb.<\/p>\n\n\n\n<p>\u00abVamos a penalizar, vamos a establecer una tasa para las bajas que se den de contratos\u00bb, ha avanzado Escriv\u00e1 que ha a\u00f1adido que a\u00fan se est\u00e1 estudiando c\u00f3mo hacerlo para que sea una medida eficaz.<\/p>\n\n\n\n<p>\u00abEs una pr\u00e1ctica intolerable, que no debe aceptarse, que no ocurre en otros pa\u00edses del entorno\u00bb, ha criticado.<\/p>\n\n\n\n<p>La forma tan \u00e1gil de abrir y cerrar contratos en la Tesorer\u00eda de la Seguridad Social de forma online, ha a\u00f1adido, \u00abest\u00e1 posibilitando estos usos no aceptables\u00bb que llevan \u00abaparejado un nivel de desprotecci\u00f3n de los trabajadores\u00bb.<\/p>\n\n\n\n<p>\u00abSe ha convertido en algo cultural en Espa\u00f1a, no podemos aceptarlo\u00bb, ha enfatizado Escriv\u00e1, quien tambi\u00e9n ha emplazado a las Administraciones P\u00fablicas a trabajar para reducir la elevada temporalidad en sectores como educaci\u00f3n o sanidad.<\/p>\n\n\n\n<p>Cada mes, el 90 % de los contratos que se firman en Espa\u00f1a son temporales y de ellos alrededor del 25 %, uno de cada cuatro, son de muy corta duraci\u00f3n, es decir con una duraci\u00f3n inferior a los siete d\u00edas.<\/p>\n\n\n\n<p>Escriv\u00e1 ha se\u00f1alado \u00e9sta como una de las v\u00edas para atajar la dualidad y la excesiva temporalidad en el mercado laboral espa\u00f1ol, uno de los puntos clave que a su juicio deben abordarse junto a la elevada tasa de paro estructural donde ha apuntado a mejoras de las pol\u00edticas activas de empleo, el fomento de la movilidad laboral o la introducci\u00f3n de los ERTE como un elemento estructural con m\u00e1s peso de formaci\u00f3n para los afectados.<\/p>\n\n\n\n<h4 class=\"wp-block-heading\">30.000 millones de gasto en ERTE en 2020<\/h4>\n\n\n\n<p>Precisamente sobre los ERTE, Escriv\u00e1 ha cifrado en 30.000 millones el gasto que va a suponer esta herramienta en todo 2020 y ha confiado en poder cerrar un acuerdo de forma \u00abf\u00e1cil\u00bb con los agentes sociales para extenderlos m\u00e1s all\u00e1 del 31 de enero.<\/p>\n\n\n\n<p>Los ERTE, ha enfatizado, \u00abdurar\u00e1n lo que tengan que durar\u00bb. \u00abLos extenderemos los meses que hagan falta (\u2026) lo llevaremos hasta el final\u00bb, ha subrayado.<\/p>\n\n\n\n<p>En el mismo acto, el gobernador del Banco de Espa\u00f1a, Pablo Hern\u00e1ndez de Cos, tambi\u00e9n ha subrayado la necesidad de mantener la contundencia en las medidas de apoyo m\u00e1s ahora que la vacuna puede dar un cierto horizonte temporal a la crisis.<\/p>\n\n\n\n<p>De Cos tambi\u00e9n ha insistido en la necesidad de abordar las reformas estructurales que necesita Espa\u00f1a y en hacer un uso lo m\u00e1s adecuado posible de los fondos europeos que pueden destinarse, en parte, a impulsar esas reformas.<\/p>\n\n\n\n<p>En este punto, Escriv\u00e1 ha defendido el impacto estimado por el Gobierno en el PIB por el uso de estos fondos y ha se\u00f1alado que antes de final de a\u00f1o estar\u00e1 aprobado el real decreto con medidas para agilizar su uso.<\/p>\n\n\n\n<p>\u00abSomos el pa\u00eds m\u00e1s adelantado en la documentaci\u00f3n\u00bb, ha subrayado Escriv\u00e1.<\/p>\n","protected":false},"excerpt":{"rendered":"<p>El ministro de Inclusi\u00f3n y Seguridad Social, Jos\u00e9 Luis Escriv\u00e1, ha avanzado que se ve a penalizar, a trav\u00e9s de una tasa, el uso inapropiado de contratos temporales de corta duraci\u00f3n.<\/p>\n","protected":false},"author":2,"featured_media":3568,"comment_status":"open","ping_status":"open","sticky":false,"template":"","format":"standard","meta":{"footnotes":""},"categories":[2],"tags":[1964,2115,2089,2090,199,171,200],"class_list":["post-3565","post","type-post","status-publish","format-standard","has-post-thumbnail","hentry","category-noticias","tag-contratos","tag-fines","tag-penalizara","tag-rescision","tag-seguridad","tag-semana","tag-social"],"amp_enabled":true,"_links":{"self":[{"href":"https:\/\/sucurriculum.com\/noticias\/wp-json\/wp\/v2\/posts\/3565","targetHints":{"allow":["GET"]}}],"collection":[{"href":"https:\/\/sucurriculum.com\/noticias\/wp-json\/wp\/v2\/posts"}],"about":[{"href":"https:\/\/sucurriculum.com\/noticias\/wp-json\/wp\/v2\/types\/post"}],"author":[{"embeddable":true,"href":"https:\/\/sucurriculum.com\/noticias\/wp-json\/wp\/v2\/users\/2"}],"replies":[{"embeddable":true,"href":"https:\/\/sucurriculum.com\/noticias\/wp-json\/wp\/v2\/comments?post=3565"}],"version-history":[{"count":1,"href":"https:\/\/sucurriculum.com\/noticias\/wp-json\/wp\/v2\/posts\/3565\/revisions"}],"predecessor-version":[{"id":3567,"href":"https:\/\/sucurriculum.com\/noticias\/wp-json\/wp\/v2\/posts\/3565\/revisions\/3567"}],"wp:featuredmedia":[{"embeddable":true,"href":"https:\/\/sucurriculum.com\/noticias\/wp-json\/wp\/v2\/media\/3568"}],"wp:attachment":[{"href":"https:\/\/sucurriculum.com\/noticias\/wp-json\/wp\/v2\/media?parent=3565"}],"wp:term":[{"taxonomy":"category","embeddable":true,"href":"https:\/\/sucurriculum.com\/noticias\/wp-json\/wp\/v2\/categories?post=3565"},{"taxonomy":"post_tag","embeddable":true,"href":"https:\/\/sucurriculum.com\/noticias\/wp-json\/wp\/v2\/tags?post=3565"}],"curies":[{"name":"wp","href":"https:\/\/api.w.org\/{rel}","templated":true}]}}