{"id":3562,"date":"2020-12-17T21:01:46","date_gmt":"2020-12-17T20:01:46","guid":{"rendered":"https:\/\/sucurriculum.com\/noticias\/?p=3562"},"modified":"2020-12-17T21:01:46","modified_gmt":"2020-12-17T20:01:46","slug":"la-cesta-de-la-compra-navidena-se-abarata","status":"publish","type":"post","link":"https:\/\/sucurriculum.com\/noticias\/la-cesta-de-la-compra-navidena-se-abarata\/","title":{"rendered":"La cesta de la compra navide\u00f1a se abarata"},"content":{"rendered":"\n<p>A pocos d\u00edas de esta celebraci\u00f3n tan se\u00f1alada, los precios de los productos que suelen formar parte del men\u00fa navide\u00f1o son de media un 4,1% m\u00e1s bajos que el a\u00f1o pasado a estas alturas, seg\u00fan el Observatorio de precios de la Organizaci\u00f3n de Consumidores y Usuarios (OCU).<\/p>\n\n\n\n<p>En su an\u00e1lisis, la organizaci\u00f3n de consumidores monitoriza el precio de 15 alimentos t\u00edpicamente navide\u00f1os (cordero lechal, redondo de ternera, pularda, pavo, jam\u00f3n ib\u00e9rico de cebo al corte, lombarda, pi\u00f1a, besugo, lubina de acuicultura, merluza al corte, angulas, langostinos cocidos, percebes gallegos, almejas y ostras), de gran demanda en estas fechas, en mercados municipales, supermercados e hipermercados de Madrid, Barcelona, Bilbao, Sevilla, Valencia y Zaragoza, , langostinos cocidos, percebes gallegos, almejas y ostras.<\/p>\n\n\n\n<p>Aunque los pescados y mariscos se han encarecido en los \u00faltimos a\u00f1os, este a\u00f1o presentan precios inferiores al a\u00f1o pasado la lubina (-20%), los percebes (-17%), las almejas (-13%), el besugo (11%) y los langostinos (9%). Por contra, se han encarecido sobre todo las angulas (+25%) y las ostras (+11%).<\/p>\n\n\n\n<p>En cuantos a las carnes y aves, hay pocas diferencias en el precio de estos productos respecto al que ten\u00edan en 2019, aunque se han incrementado los precios del redondo de ternera (+3%), el cordero lechal (+2%) y el pavo (+1%). El jam\u00f3n ib\u00e9rico, por su parte, entrante indispensable en las comidas navide\u00d1as, es un 12% m\u00e1s econ\u00f3mico.<\/p>\n\n\n\n<h4 class=\"wp-block-heading\">Subidas y bajadas desde el 25 de noviembre<\/h4>\n\n\n\n<p>No obstante, el documento de la OCU se\u00f1ala que desde el pasado 25 de noviembre los alimentos han subido de media un 1%. Los productos que m\u00e1s han subido son las almejas (+19%), el besugo (+17%) y la merluza (+13%). Por el contrario, los productos que m\u00e1s bajan son la pularda (-29%) las angulas (-7%) y el redondo de ternera (-5%).<\/p>\n\n\n\n<p>Es previsible que, igual que ha ocurrido otros a\u00f1os, se produzcan subidas de precios en la semana previa a Navidad. La OCU recomienda para aquellos consumidores que quieran evitar las posibles subidas de \u00faltima hora adelantar las compras o sustituir los productos m\u00e1s caros por otros alternativos m\u00e1s baratos.<\/p>\n","protected":false},"excerpt":{"rendered":"<p>A pocos d\u00edas de esta celebraci\u00f3n tan se\u00f1alada, los precios de los productos que suelen formar parte del men\u00fa navide\u00f1o son de media un 4,1% m\u00e1s bajos.<\/p>\n","protected":false},"author":2,"featured_media":3563,"comment_status":"open","ping_status":"open","sticky":false,"template":"","format":"standard","meta":{"footnotes":""},"categories":[2],"tags":[531,2114,2113,665,373,1771,421],"class_list":["post-3562","post","type-post","status-publish","format-standard","has-post-thumbnail","hentry","category-noticias","tag-531","tag-abarata","tag-cesta","tag-ciento","tag-compra","tag-navidad","tag-por"],"amp_enabled":true,"_links":{"self":[{"href":"https:\/\/sucurriculum.com\/noticias\/wp-json\/wp\/v2\/posts\/3562","targetHints":{"allow":["GET"]}}],"collection":[{"href":"https:\/\/sucurriculum.com\/noticias\/wp-json\/wp\/v2\/posts"}],"about":[{"href":"https:\/\/sucurriculum.com\/noticias\/wp-json\/wp\/v2\/types\/post"}],"author":[{"embeddable":true,"href":"https:\/\/sucurriculum.com\/noticias\/wp-json\/wp\/v2\/users\/2"}],"replies":[{"embeddable":true,"href":"https:\/\/sucurriculum.com\/noticias\/wp-json\/wp\/v2\/comments?post=3562"}],"version-history":[{"count":1,"href":"https:\/\/sucurriculum.com\/noticias\/wp-json\/wp\/v2\/posts\/3562\/revisions"}],"predecessor-version":[{"id":3564,"href":"https:\/\/sucurriculum.com\/noticias\/wp-json\/wp\/v2\/posts\/3562\/revisions\/3564"}],"wp:featuredmedia":[{"embeddable":true,"href":"https:\/\/sucurriculum.com\/noticias\/wp-json\/wp\/v2\/media\/3563"}],"wp:attachment":[{"href":"https:\/\/sucurriculum.com\/noticias\/wp-json\/wp\/v2\/media?parent=3562"}],"wp:term":[{"taxonomy":"category","embeddable":true,"href":"https:\/\/sucurriculum.com\/noticias\/wp-json\/wp\/v2\/categories?post=3562"},{"taxonomy":"post_tag","embeddable":true,"href":"https:\/\/sucurriculum.com\/noticias\/wp-json\/wp\/v2\/tags?post=3562"}],"curies":[{"name":"wp","href":"https:\/\/api.w.org\/{rel}","templated":true}]}}