{"id":356,"date":"2020-04-14T10:30:35","date_gmt":"2020-04-14T08:30:35","guid":{"rendered":"https:\/\/sucurriculum.com\/noticias\/?p=356"},"modified":"2020-04-14T10:30:35","modified_gmt":"2020-04-14T08:30:35","slug":"cuando-tendran-paro-los-afectados-por-ertecuando-cobran-los-autonomos-su-ayuda-por-coronavirus","status":"publish","type":"post","link":"https:\/\/sucurriculum.com\/noticias\/cuando-tendran-paro-los-afectados-por-ertecuando-cobran-los-autonomos-su-ayuda-por-coronavirus\/","title":{"rendered":"\u00bfCu\u00e1ndo tendr\u00e1n paro los afectados por ERTE?\u00bfCu\u00e1ndo cobran los aut\u00f3nomos su ayuda por Coronavirus?"},"content":{"rendered":"\n<p><strong>\u00bfCu\u00e1ndo cobrar\u00e1n los afectados por el ERTE?<\/strong><br>A d\u00eda de hoy la mayor\u00eda de los trabajadores no han cobrado su ayuda o el paro que les corresponde. En el caso de los empleados por cuenta ajena, el n\u00famero de prestaciones por desempleo pagadas a la Seguridad Social es mucho menor que el total de empleados afectados por ERTE. Esto se debe al colapso que sufren la Administraci\u00f3n por la escalada de expedientes que se han registrado tras decretarse el estado de alarma.<\/p>\n\n\n\n<p>Por tanto, y debido a la avalancha de expedientes acumulados en las \u00faltimas semanas, la intenci\u00f3n del Servicio P\u00fablico de Empleo Estatal (SEPE) es que los afectados por el retraso reciban el paro de marzo y de abril en un solo pago, y se efectuar\u00e1 en mayo.<\/p>\n\n\n\n<p>La idea del Ministerio de Trabajo que dirige Yolanda D\u00edaz es que se pueda percibir <strong>antes del 10 de mayo<\/strong>, <strong>probablemente el mismo d\u00eda 2<\/strong>, primera fecha laborable del mes, a trav\u00e9s de un acuerdo con los bancos.<\/p>\n\n\n\n<p><strong>\u00bfCu\u00e1ndo cobrar\u00e1n sus ayudas los aut\u00f3nomos?<\/strong><br>Por su parte, los aut\u00f3nomos que hayan pedido el cese de actividad debido a la ca\u00edda de ingresos por la crisis de la pandemia empezar\u00e1n a cobrar la prestaci\u00f3n a partir del 17 de abril. As\u00ed lo han indicado Fuentes del Ministerio de Seguridad Social y apuntan que se incluyen a todos los trabajadores por cuenta propia que cumplen los requisitos.<\/p>\n\n\n\n<p><strong>\u00bfQu\u00e9 cobran los empleados con ERTE y qu\u00e9 requisitos hay?<\/strong><br>Los ERTE por fuerza mayor se enmarcan en el art\u00edculo 45.i del real decreto del 14 de marzo y para tener estas facilidades las empresas deben estar afectados por el estado de alarma. En estos casos no se necesita periodo de consultas pero s\u00ed autorizaci\u00f3n de la autoridad laboral y es efectivo desde la fecha del hecho causante de la fuerza mayor.<\/p>\n\n\n\n<p>Todos los afectados, independientemente de lo que hayan cotizado, podr\u00e1n cobrar la prestaci\u00f3n por desempleo, cuya cuant\u00eda es del 70% de la base reguladora (calculada con el promedio de la base de cotizaci\u00f3n de los \u00faltimos 180 d\u00edas) en los seis primeros meses y del 50% a partir de ese momento.<\/p>\n\n\n\n<p>A la prestaci\u00f3n acceden todos los trabajadores, aunque no hayan cotizado el periodo m\u00ednimo requerido para ello. Adem\u00e1s, este cobro no se tendr\u00e1 en cuenta en el periodo de c\u00e1lculo de posibles prestaciones futuras, ser\u00e1 como si no se hubiera producido, es decir, no le corre el paro al afectado.<\/p>\n\n\n\n<p><strong>\u00bfCu\u00e1nto van a recibir los aut\u00f3nomos y qu\u00e9 requisitos hay ?<\/strong><br>El ministro de Seguridad Social, Jos\u00e9 Luis Escriv\u00e1, ha asegurado que \u00abcualquier aut\u00f3nomo en Espa\u00f1a que haya visto interrumpida o muy reducida su actividad tiene derecho a una prestaci\u00f3n que al menos llegar\u00e1 a 950 euros\u00bb.<\/p>\n\n\n\n<p>Los aut\u00f3nomos podr\u00e1n solicitar esta nueva prestaci\u00f3n cuando su actividad quede suspendida por la declaraci\u00f3n del estado de alarma o cuya facturaci\u00f3n en el mes anterior al que se solicita la prestaci\u00f3n se vea reducida, al menos, en un 75% en relaci\u00f3n con el promedio de facturaci\u00f3n del semestre anterior.<\/p>\n","protected":false},"excerpt":{"rendered":"<p>A d\u00eda de hoy la mayor\u00eda de los trabajadores no han cobrado su ayuda o el paro que les corresponde<\/p>\n","protected":false},"author":2,"featured_media":357,"comment_status":"open","ping_status":"open","sticky":false,"template":"","format":"standard","meta":{"footnotes":""},"categories":[66],"tags":[281,280,4,105,282,239,31],"class_list":["post-356","post","type-post","status-publish","format-standard","has-post-thumbnail","hentry","category-noticias-actualidad","tag-auronomos","tag-cobro","tag-coronavirus","tag-crisis","tag-desempleados","tag-erte","tag-paro"],"amp_enabled":true,"_links":{"self":[{"href":"https:\/\/sucurriculum.com\/noticias\/wp-json\/wp\/v2\/posts\/356","targetHints":{"allow":["GET"]}}],"collection":[{"href":"https:\/\/sucurriculum.com\/noticias\/wp-json\/wp\/v2\/posts"}],"about":[{"href":"https:\/\/sucurriculum.com\/noticias\/wp-json\/wp\/v2\/types\/post"}],"author":[{"embeddable":true,"href":"https:\/\/sucurriculum.com\/noticias\/wp-json\/wp\/v2\/users\/2"}],"replies":[{"embeddable":true,"href":"https:\/\/sucurriculum.com\/noticias\/wp-json\/wp\/v2\/comments?post=356"}],"version-history":[{"count":1,"href":"https:\/\/sucurriculum.com\/noticias\/wp-json\/wp\/v2\/posts\/356\/revisions"}],"predecessor-version":[{"id":358,"href":"https:\/\/sucurriculum.com\/noticias\/wp-json\/wp\/v2\/posts\/356\/revisions\/358"}],"wp:featuredmedia":[{"embeddable":true,"href":"https:\/\/sucurriculum.com\/noticias\/wp-json\/wp\/v2\/media\/357"}],"wp:attachment":[{"href":"https:\/\/sucurriculum.com\/noticias\/wp-json\/wp\/v2\/media?parent=356"}],"wp:term":[{"taxonomy":"category","embeddable":true,"href":"https:\/\/sucurriculum.com\/noticias\/wp-json\/wp\/v2\/categories?post=356"},{"taxonomy":"post_tag","embeddable":true,"href":"https:\/\/sucurriculum.com\/noticias\/wp-json\/wp\/v2\/tags?post=356"}],"curies":[{"name":"wp","href":"https:\/\/api.w.org\/{rel}","templated":true}]}}