{"id":3471,"date":"2020-12-01T21:02:05","date_gmt":"2020-12-01T20:02:05","guid":{"rendered":"https:\/\/sucurriculum.com\/noticias\/?p=3471"},"modified":"2020-12-01T21:02:06","modified_gmt":"2020-12-01T20:02:06","slug":"el-gobierno-sube-las-cuotas-a-los-autonomos-pese-a-perdidas-de-60-000-millones-de-facturacion","status":"publish","type":"post","link":"https:\/\/sucurriculum.com\/noticias\/el-gobierno-sube-las-cuotas-a-los-autonomos-pese-a-perdidas-de-60-000-millones-de-facturacion\/","title":{"rendered":"El Gobierno sube las cuotas a los aut\u00f3nomos pese a p\u00e9rdidas de 60.000 millones de facturaci\u00f3n"},"content":{"rendered":"\n<p>Se avecina un desastre para los aut\u00f3nomos. Y el Gobierno ha vuelto a demostrar su insensibilidad volviendo a subir las cuotas en plena segunda ola. Es verdad que se aprob\u00f3 en 2018, pero la situaci\u00f3n econ\u00f3mica y financiera ha cambiado radicalmente -de crecer un 3% en aquel momento a caer m\u00e1s de un 12% ahora- e igual que se han cambiado otras cosas se podr\u00eda haber hecho con esto para ayudar a uno de los colectivos m\u00e1s afectados por esta crisis\u201d. De esta forma tan elocuente el presidente de ATA, Lorenzo Amor, lanz\u00f3 un llamada de auxilio al Gobierno ante la \u201ccr\u00edtica situaci\u00f3n\u201d que viven cientos de miles de aut\u00f3nomos.<\/p>\n\n\n\n<p>Entre 5 y 20 euros ha incrementado la cuota la Seguridad Social a la mayor\u00eda de aut\u00f3nomos \u2013en algunos casos ha sido m\u00e1s\u2013 correspondientes a la subida pactada en 2020 y aplazada por la pandemia, y el primer plazo de los incrementos mensuales pendientes que con car\u00e1cter retroactivo deben ahora abonarse, que supondr\u00e1n entre 25 y 108 euros m\u00e1s, seg\u00fan la base de cotizaci\u00f3n. El Ministerio a\u00fan no ha decidido c\u00f3mo se har\u00e1, pero este mes se ha pasado el cargo adicional de septiembre, el primero de los meses que fueron aplazados.<\/p>\n\n\n\n<p>Seg\u00fan datos de esta asociaci\u00f3n, recogidos en el VIII Bar\u00f3metro de Situaci\u00f3n de los Aut\u00f3nomos, realizado este mes, los casi 3,5 millones de aut\u00f3nomos han perdido desde el pasado mes de marzo, cuando comenzaron las restricciones y los confinamientos, m\u00e1s de 60.000 millones de facturaci\u00f3n. <\/p>\n\n\n\n<p>En concreto, casi el 30% -lo que significar\u00eda m\u00e1s de un mill\u00f3n de trabajadores- reconoce haber perdido ingresos por valor de 30.000 euros, con una ca\u00edda centrada sobre todo en los sectores m\u00e1s castigados por la pandemia: hosteler\u00eda, turismo, eventos, ocio -ya sea ocio infantil o nocturno, cultura y comercio.<\/p>\n\n\n\n<p>Por ello, Amor ve \u201curgente\u201d que se establezca \u201cdesde ya\u201d un plan de emergencia que prorrogue las ayudas existentes hasta el 31 de mayo de 2021, \u201cfacilite la liquidez e impulse el consumo y la demanda\u201d con el fin de amortiguar la ca\u00edda de la actividad y evitar el cierre de empresas y aut\u00f3nomos y por ende la destrucci\u00f3n de empleo. <\/p>\n\n\n\n<p>El estudio reconoce que tres de cada cuatro aut\u00f3nomos tienen alg\u00fan tipo de restricciones en su negocio. De hecho, el 19,3% de los encuestados (620.000) ha apuntado que en estos momentos tiene sus negocios o actividades cerradas. Adem\u00e1s, el 4,1% asegura que su negocio lleva cerrado desde el mes de marzo. El 56,6% de los aut\u00f3nomos cree que su facturaci\u00f3n se reducir\u00e1 este a\u00f1o, con un descenso superior al 60% en comparaci\u00f3n con hace un a\u00f1o, mientras que s\u00f3lo el 2,6% dice que a finales de este a\u00f1o habr\u00e1 facturado m\u00e1s que en 2019.<\/p>\n\n\n\n<p>En comparaci\u00f3n con 2019, casi el 85% de los encuestados ha subrayado que su facturaci\u00f3n se ha visto reducida respecto al a\u00f1o anterior y que la ca\u00edda ha sido superior al 60%, mientras que un 9,7% se ha mantenido y solo un 3,2% la ha mejorado. De ellos, un 6,4% apunta que no est\u00e1 ingresando nada y 1,7 millones de aut\u00f3nomos afirman que sus ingresos han ca\u00eddo m\u00e1s de un 60%.<\/p>\n\n\n\n<p>Otro de los grandes problemas que acucian a los aut\u00f3nomos es la morosidad, ya sea por parte de las Administraciones o de empresas privadas. Seg\u00fan esta encuesta, el 34,3% afirma sufrirla; el 4,9% la sufre por parte de las entidades p\u00fablicas; el 17,7% por parte de las privadas y el 11,7%, por parte de ambas entidades (p\u00fablica y privada).<\/p>\n\n\n\n<p>Preguntados sobre las medidas tomadas para hacer frente al impacto de la pandemia, ATA ha constatado que unos 500.000 trabajadores por cuenta propia han solicitado el cese de actividad desde el 1 de octubre (16,4%). Tambi\u00e9n, casi el 74% de los encuestados ha remarcado que es imprescindible mantener y extender el cese de actividad, tanto ordinario como extraordinario, para poder seguir con su negocio. El 42,8% ha tenido que recurrir a alg\u00fan tipo de financiaci\u00f3n, ya sea a trav\u00e9s de las l\u00edneas de cr\u00e9dito ICO o a trav\u00e9s de una entidad privada.<\/p>\n\n\n\n<p>Por otra parte, los aut\u00f3nomos societarios -los que tienen trabajadores a su cargo- reconocen que la posibilidad de aplicar los ERTE les ha servido para paliar la crisis. El 44,8% de ellos han solicitado un expediente de regulaci\u00f3n temporal o tiene previsto hacerlo para poder continuar con su actividad. De estos, el 23% apunta que ha realizado un ERTE a toda su plantilla. El 38% mantienen al 100% de su plantilla, frente al 14,4% que ha tenido que despedir a alg\u00fan trabajador. Y de los 1,5 millones de aut\u00f3nomos con trabajadores a su cargo, unos 200.000 han tenido que realizar alg\u00fan tipo de despido y el 66,6% de los encuestados duda que pueda mantener a todos sus empleados durante seis meses tras sacar al primer trabajador para su reincorporaci\u00f3n del ERTE.<\/p>\n\n\n\n<p>En este sentido, el 35,7% destaca que si tuviera que hacer frente a un despido, \u201cno tendr\u00eda liquidez suficiente\u201d para hacer frente al mismo, por lo que el 77% ha dejado claro que es fundamental que contin\u00faen los expedientes de regulaci\u00f3n temporal de empleo para poder dar continuidad a sus negocios. El 49,6% de los aut\u00f3nomos cree que mantendr\u00e1 a toda su plantilla, frente a un 29,2% que piensa que tendr\u00e1 que disminuirla -450.000 aut\u00f3nomos del total-. Tan solo un 1,6% cree que tendr\u00e1 que contratar y un 19,6% no sabe qu\u00e9 va a pasar \u201cdada la incertidumbre actual\u201d.<\/p>\n\n\n\n<p>El Bar\u00f3metro tambi\u00e9n ha requerido la opini\u00f3n del colectivo sobre su valoraci\u00f3n a la actuaci\u00f3n del Gobierno, y los aut\u00f3nomos suspenden la mayor\u00eda de medidas puestas en marcha y reclaman que \u201cse reduzcan las trabas administrativas\u201d, que existan \u201cayudas para el reemprendimiento\u201d o que se pongan en marchas \u201ccampa\u00f1as espec\u00edficas de fomento del consumo en comercios de proximidad\u201d. Lo que m\u00e1s valoran es la reducci\u00f3n de la cotizaci\u00f3n a la Seguridad Social ligada a la ca\u00edda de actividad en un m\u00ednimo del 50%, pero tambi\u00e9n ven bien que se puedan obtener reducciones fiscales o que se restablezca el cese de actividad extraordinario para paliar las consecuencias econ\u00f3micas donde se declaren nuevos brotes.<\/p>\n\n\n\n<p>Preguntados sobre cu\u00e1nto tardar\u00e1 la econom\u00eda en recuperarse, el 66,5% prev\u00e9 que lo haga en m\u00e1s de dos a\u00f1os y solo un 4,1% piensa que remontar\u00e1 en seis meses. \u201c2020 ha sido un a\u00f1o horrible para miles de aut\u00f3nomos que han tenido que reducir sus plantillas, tener p\u00e9rdidas de las cuales no saben si se va a recuperar y en ocasiones tener que echar el cierre en la ruina m\u00e1s absoluta\u201d, ha resaltado Amor, que recuerda que uno de cada diez aut\u00f3nomos -unos 300.000- cree que va a tener que cerrar su negocio. Adem\u00e1s, aunque un 88,4% piensa que seguir\u00e1 con su actividad, m\u00e1s de la mitad de estos (56,2%) no sabe si podr\u00e1 seguir a medio plazo.<\/p>\n","protected":false},"excerpt":{"rendered":"<p>Se avecina un desastre para los aut\u00f3nomos. Y el Gobierno ha vuelto a demostrar su insensibilidad volviendo a subir las cuotas en plena segunda ola.<\/p>\n","protected":false},"author":2,"featured_media":3472,"comment_status":"open","ping_status":"open","sticky":false,"template":"","format":"standard","meta":{"footnotes":""},"categories":[2],"tags":[288,188,2068,416,2070,2069,1110],"class_list":["post-3471","post","type-post","status-publish","format-standard","has-post-thumbnail","hentry","category-noticias","tag-a","tag-autonomos","tag-cuotas","tag-dinero","tag-perder","tag-pese","tag-suben"],"amp_enabled":true,"_links":{"self":[{"href":"https:\/\/sucurriculum.com\/noticias\/wp-json\/wp\/v2\/posts\/3471","targetHints":{"allow":["GET"]}}],"collection":[{"href":"https:\/\/sucurriculum.com\/noticias\/wp-json\/wp\/v2\/posts"}],"about":[{"href":"https:\/\/sucurriculum.com\/noticias\/wp-json\/wp\/v2\/types\/post"}],"author":[{"embeddable":true,"href":"https:\/\/sucurriculum.com\/noticias\/wp-json\/wp\/v2\/users\/2"}],"replies":[{"embeddable":true,"href":"https:\/\/sucurriculum.com\/noticias\/wp-json\/wp\/v2\/comments?post=3471"}],"version-history":[{"count":1,"href":"https:\/\/sucurriculum.com\/noticias\/wp-json\/wp\/v2\/posts\/3471\/revisions"}],"predecessor-version":[{"id":3473,"href":"https:\/\/sucurriculum.com\/noticias\/wp-json\/wp\/v2\/posts\/3471\/revisions\/3473"}],"wp:featuredmedia":[{"embeddable":true,"href":"https:\/\/sucurriculum.com\/noticias\/wp-json\/wp\/v2\/media\/3472"}],"wp:attachment":[{"href":"https:\/\/sucurriculum.com\/noticias\/wp-json\/wp\/v2\/media?parent=3471"}],"wp:term":[{"taxonomy":"category","embeddable":true,"href":"https:\/\/sucurriculum.com\/noticias\/wp-json\/wp\/v2\/categories?post=3471"},{"taxonomy":"post_tag","embeddable":true,"href":"https:\/\/sucurriculum.com\/noticias\/wp-json\/wp\/v2\/tags?post=3471"}],"curies":[{"name":"wp","href":"https:\/\/api.w.org\/{rel}","templated":true}]}}