{"id":3395,"date":"2020-11-22T21:23:53","date_gmt":"2020-11-22T20:23:53","guid":{"rendered":"https:\/\/sucurriculum.com\/noticias\/?p=3395"},"modified":"2020-11-22T21:23:53","modified_gmt":"2020-11-22T20:23:53","slug":"no-habra-recuperacion-del-empleo-hasta-el-ano-2022","status":"publish","type":"post","link":"https:\/\/sucurriculum.com\/noticias\/no-habra-recuperacion-del-empleo-hasta-el-ano-2022\/","title":{"rendered":"No habr\u00e1 recuperaci\u00f3n del empleo hasta el a\u00f1o 2022"},"content":{"rendered":"\n<p>Siete de cada diez empresas prev\u00e9 que las perspectivas sobre la evoluci\u00f3n del empleo en Espa\u00f1a empeorar\u00e1n de aqu\u00ed a final de a\u00f1o, y hasta un 43% afirma que la situaci\u00f3n se mantendr\u00e1 a lo largo de 2021. No es hasta dentro de dos a\u00f1os (2022), cuando se revierten las previsiones y siete de cada diez empresas pronostica una mejora de la situaci\u00f3n, seg\u00fan un informe del portal de empleo Infojobs sobre las perspectivas econ\u00f3micas de las empresas espa\u00f1olas. <\/p>\n\n\n\n<p>La pandemia de la COVID-19 no ha afectado a todas las empresas de la misma manera y las de menor tama\u00f1o se muestran m\u00e1s sensibles a un contexto de dificultades econ\u00f3micas y sociales como el que se vive en la actualidad. En este sentido, seg\u00fan los datos de una encuesta elaborada por InfoJobs en el mes de julio, un 73% de las empresas de menos de 50 empleados considera que la situaci\u00f3n de los pr\u00f3ximos seis meses empeorar\u00e1. Un porcentaje que cae hasta el 66% entre las empresas de m\u00e1s de 50 trabajadores. En el horizonte, a dos a\u00f1os vista, se repite la situaci\u00f3n: el porcentaje de las empresas de m\u00e1s de 50 empleados que prev\u00e9n una mejor\u00eda es del 74%, mientras que en el caso de las que tienen menos de 50 empleados el porcentaje es del 70%.<\/p>\n\n\n\n<h4 class=\"wp-block-heading\">Por sectores<\/h4>\n\n\n\n<p>Las perspectivas sobre la evoluci\u00f3n del mercado laboral en Espa\u00f1a tambi\u00e9n var\u00edan en funci\u00f3n de los sectores de actividad. Aunque en el corto plazo la sensaci\u00f3n de empeoramiento es generalizada, es el sector secundario, dedicado a la artesan\u00eda e industria, el que presenta unas perspectivas m\u00e1s optimistas: un 61% de las empresas prev\u00e9 que la situaci\u00f3n laboral empeorar\u00e1, frente al 71% del conjunto de compa\u00f1\u00edas encuestadas. Este sector es, adem\u00e1s, el que prev\u00e9 una mayor mejor\u00eda el pr\u00f3ximo a\u00f1o (27%). Por otro lado, el sector cuaternario (servicios vinculados a la sociedad de la informaci\u00f3n o del conocimiento) es el que espera una mayor mejor\u00eda (76% frente al 70% del conjunto de empresas).<\/p>\n\n\n\n<p>Mientras que s\u00f3lo 2 de cada diez empresas del sector servicios conf\u00eda en que la situaci\u00f3n se mantenga estable durante los pr\u00f3ximos dos a\u00f1os, a diferencia de las empresas del sector terciario (bienes y servicios), en el que hasta un 70% no espera que la recuperaci\u00f3n se produzca hasta dentro de dos a\u00f1os.<\/p>\n\n\n\n<p>En cuanto a las necesidades de contrataci\u00f3n, las perspectivas no son nada halag\u00fce\u00f1as. Un 48% de las empresas afirma que no ampliar\u00e1 plantilla hasta 2022, mientras que solo tres de cada diez empresas consultadas por Infojobs tiene nuevas necesidades de contrataci\u00f3n a ra\u00edz del coronavirus; un 28% de las empresas contempla reducir las contrataciones en los pr\u00f3ximos seis meses, frente al 11% que ten\u00eda estos planes antes de la pandemia.<\/p>\n","protected":false},"excerpt":{"rendered":"<p>Siete de cada diez empresas prev\u00e9 que las perspectivas sobre la evoluci\u00f3n del empleo en Espa\u00f1a empeorar\u00e1n de aqu\u00ed a final de a\u00f1o<\/p>\n","protected":false},"author":2,"featured_media":3396,"comment_status":"open","ping_status":"open","sticky":false,"template":"","format":"standard","meta":{"footnotes":""},"categories":[2],"tags":[2031,137,2030,22,458],"class_list":["post-3395","post","type-post","status-publish","format-standard","has-post-thumbnail","hentry","category-noticias","tag-2031","tag-empleo","tag-habra","tag-no","tag-recuperacion"],"amp_enabled":true,"_links":{"self":[{"href":"https:\/\/sucurriculum.com\/noticias\/wp-json\/wp\/v2\/posts\/3395","targetHints":{"allow":["GET"]}}],"collection":[{"href":"https:\/\/sucurriculum.com\/noticias\/wp-json\/wp\/v2\/posts"}],"about":[{"href":"https:\/\/sucurriculum.com\/noticias\/wp-json\/wp\/v2\/types\/post"}],"author":[{"embeddable":true,"href":"https:\/\/sucurriculum.com\/noticias\/wp-json\/wp\/v2\/users\/2"}],"replies":[{"embeddable":true,"href":"https:\/\/sucurriculum.com\/noticias\/wp-json\/wp\/v2\/comments?post=3395"}],"version-history":[{"count":1,"href":"https:\/\/sucurriculum.com\/noticias\/wp-json\/wp\/v2\/posts\/3395\/revisions"}],"predecessor-version":[{"id":3397,"href":"https:\/\/sucurriculum.com\/noticias\/wp-json\/wp\/v2\/posts\/3395\/revisions\/3397"}],"wp:featuredmedia":[{"embeddable":true,"href":"https:\/\/sucurriculum.com\/noticias\/wp-json\/wp\/v2\/media\/3396"}],"wp:attachment":[{"href":"https:\/\/sucurriculum.com\/noticias\/wp-json\/wp\/v2\/media?parent=3395"}],"wp:term":[{"taxonomy":"category","embeddable":true,"href":"https:\/\/sucurriculum.com\/noticias\/wp-json\/wp\/v2\/categories?post=3395"},{"taxonomy":"post_tag","embeddable":true,"href":"https:\/\/sucurriculum.com\/noticias\/wp-json\/wp\/v2\/tags?post=3395"}],"curies":[{"name":"wp","href":"https:\/\/api.w.org\/{rel}","templated":true}]}}