{"id":3386,"date":"2020-11-22T20:32:58","date_gmt":"2020-11-22T19:32:58","guid":{"rendered":"https:\/\/sucurriculum.com\/noticias\/?p=3386"},"modified":"2020-11-22T20:32:58","modified_gmt":"2020-11-22T19:32:58","slug":"iberdrola-impulsara-el-hidrogeno-en-espana-y-creara-150-empleos","status":"publish","type":"post","link":"https:\/\/sucurriculum.com\/noticias\/iberdrola-impulsara-el-hidrogeno-en-espana-y-creara-150-empleos\/","title":{"rendered":"Iberdrola impulsar\u00e1 el hidr\u00f3geno en Espa\u00f1a y crear\u00e1 150 empleos"},"content":{"rendered":"\n<p>Iberdrola sigue reforzando su presencia en el \u00e1mbito del hidr\u00f3geno, una de las fuentes de generaci\u00f3n, junto con las renovables, que est\u00e1 llamada a revolucionar el mix de generaci\u00f3n para mejorar la sostenibilidad del planeta.<\/p>\n\n\n\n<p>El grupo que preside Ignacio Gal\u00e1n ha establecido dos alianzas en \u00e1mbitos muy definidos. La primera es de alcance tecnol\u00f3gico y con la multinacional noruega Nel para el desarrollo de electrolizadores de nueva generaci\u00f3n. Con Nel, Iberdrola quiere convertir a Espa\u00f1a \u00aben el referente tecnol\u00f3gico e industrial del hidr\u00f3geno verde\u00bb, seg\u00fan fuentes de ambos socios.<\/p>\n\n\n\n<p>La otra alianza en hidr\u00f3geno de Iberdrola en Espa\u00f1a tiene que ver con la producci\u00f3n industrial de los electrolizadores. El pacto en este caso es con Ingeteam, uno de sus suministradores de referencia. Ambos han creado la empresa conjunta Iberlyzer para liderar la fabricaci\u00f3n de electrolizadores en el pa\u00eds.<\/p>\n\n\n\n<p>Iberlyzer entrar\u00e1 en actividad en 2021 para tener la capacidad de suministrar electrolizadores con una capacidad acumulada de hasta 200 MW en 2023. Es una generaci\u00f3n que Iberdrola ya tiene colocada, en virtud del acuerdo de suministro a la planta com\u00fan de la el\u00e9ctrica y Fertiberia en Palos de la Frontera (Huelva), que producir\u00e1 hidr\u00f3geno verde.<\/p>\n\n\n\n<p>Iberliyzer supondr\u00e1 una inversi\u00f3n de unos 100 millones y generar\u00e1 150 empleos directos y de alta cualificaci\u00f3n. Su ubicaci\u00f3n est\u00e1 por definir, con lo que se abre una carrera entre las diferentes comunidades aut\u00f3nomas por la captaci\u00f3n de la planta.<\/p>\n\n\n\n<p>Gal\u00e1n ha se\u00f1alado que \u00abqueremos situar a Espa\u00f1a en la vanguardia tecnol\u00f3gica\u00bb del hidr\u00f3geno para reducir su dependencia del consumo de combustibles f\u00f3siles\u00bb.<\/p>\n\n\n\n<p>Por su parte, Jon Andr\u00e9 Lokke, consejero delegado de Nel, ha manifestado que la uni\u00f3n con Iberdrola agilizar\u00e1 los objetivos de reducci\u00f3n de costes en el \u00e1mbito del hidr\u00f3geno.<\/p>\n\n\n\n<p>En esta l\u00ednea, la alianza de Iberdrola y Fertiberia en hidr\u00f3geno incluye la generaci\u00f3n de 800 MW en las plantas del grupo qu\u00edmico en Huelva y en Puertollano (Ciudad Real). Es un proyecto de 1.800 millones y a siete a\u00f1os. Supone la generaci\u00f3n de hasta el 20 % del objetivo de Espa\u00f1a a 2030, marcado en 4 GW. Ambos socios han trasladado que el proyecto crear\u00e1 4.000 empleos de calidad e implicar\u00e1 a 500 proveedores locales.<\/p>\n\n\n\n<p>Iberdrola traslada al hidr\u00f3geno la estrategia que ya sigui\u00f3 en el sector e\u00f3lico. Primero firm\u00f3 un acuerdo tecnol\u00f3gico con la multinacional danesa Vestas para el desarrollo de aerogeneradores y luego propici\u00f3 el crecimiento de Gamesa, del que fue accionista y cliente, como fabricante de turbinas de referencia mundial.<\/p>\n","protected":false},"excerpt":{"rendered":"<p>Iberdrola sigue reforzando su presencia en el \u00e1mbito del hidr\u00f3geno, una de las fuentes de generaci\u00f3n, junto con las renovables, que est\u00e1 llamada a revolucionar la sostenibilidad del planeta.<\/p>\n","protected":false},"author":2,"featured_media":3387,"comment_status":"open","ping_status":"open","sticky":false,"template":"","format":"standard","meta":{"footnotes":""},"categories":[65],"tags":[1346,95,21,1439,1209],"class_list":["post-3386","post","type-post","status-publish","format-standard","has-post-thumbnail","hentry","category-ofertas-de-empleo","tag-1346","tag-empleos","tag-espana","tag-hidrogeno","tag-iberdrola"],"amp_enabled":true,"_links":{"self":[{"href":"https:\/\/sucurriculum.com\/noticias\/wp-json\/wp\/v2\/posts\/3386","targetHints":{"allow":["GET"]}}],"collection":[{"href":"https:\/\/sucurriculum.com\/noticias\/wp-json\/wp\/v2\/posts"}],"about":[{"href":"https:\/\/sucurriculum.com\/noticias\/wp-json\/wp\/v2\/types\/post"}],"author":[{"embeddable":true,"href":"https:\/\/sucurriculum.com\/noticias\/wp-json\/wp\/v2\/users\/2"}],"replies":[{"embeddable":true,"href":"https:\/\/sucurriculum.com\/noticias\/wp-json\/wp\/v2\/comments?post=3386"}],"version-history":[{"count":1,"href":"https:\/\/sucurriculum.com\/noticias\/wp-json\/wp\/v2\/posts\/3386\/revisions"}],"predecessor-version":[{"id":3388,"href":"https:\/\/sucurriculum.com\/noticias\/wp-json\/wp\/v2\/posts\/3386\/revisions\/3388"}],"wp:featuredmedia":[{"embeddable":true,"href":"https:\/\/sucurriculum.com\/noticias\/wp-json\/wp\/v2\/media\/3387"}],"wp:attachment":[{"href":"https:\/\/sucurriculum.com\/noticias\/wp-json\/wp\/v2\/media?parent=3386"}],"wp:term":[{"taxonomy":"category","embeddable":true,"href":"https:\/\/sucurriculum.com\/noticias\/wp-json\/wp\/v2\/categories?post=3386"},{"taxonomy":"post_tag","embeddable":true,"href":"https:\/\/sucurriculum.com\/noticias\/wp-json\/wp\/v2\/tags?post=3386"}],"curies":[{"name":"wp","href":"https:\/\/api.w.org\/{rel}","templated":true}]}}