{"id":3382,"date":"2020-11-19T19:37:34","date_gmt":"2020-11-19T18:37:34","guid":{"rendered":"https:\/\/sucurriculum.com\/noticias\/?p=3382"},"modified":"2020-11-19T19:37:35","modified_gmt":"2020-11-19T18:37:35","slug":"nueve-meses-despues-mas-de-700-000-personas-siguen-en-erte","status":"publish","type":"post","link":"https:\/\/sucurriculum.com\/noticias\/nueve-meses-despues-mas-de-700-000-personas-siguen-en-erte\/","title":{"rendered":"Nueve meses despu\u00e9s, m\u00e1s de 700.000 personas siguen en ERTE"},"content":{"rendered":"\n<p>La segunda ola, las nuevas restricciones y los confinamientos perimetrales est\u00e1n retardando m\u00e1s de lo esperado la recuperaci\u00f3n de la actividad empresarial y el empleo. As\u00ed se ve reflejado en las cifras de trabajadores que a\u00fan siguen bajo el paraguas de un expediente de regulaci\u00f3n temporal de empleo (ERTE), cuyos niveles se han estancado tras la campa\u00f1a de verano. <\/p>\n\n\n\n<p>El ministro de Seguridad Social, Jos\u00e9 Luis Escriv\u00e1, ha revelado a trav\u00e9s de las redes sociales que en la actualidad se encuentran 707.673 personas acogidas a un ERTE y que solo 21.236 han logrado recuperar su anterior actividad. Seg\u00fan Escriv\u00e1, 344.718 trabajadores dejaron de estar amparados por los expedientes que se abrieron ante de la pr\u00f3rroga, pasando 323.482 a acogerse a los nuevos tipos aprobados el mes pasado.<\/p>\n\n\n\n<p>Seg\u00fan los \u00faltimos datos de la Encuesta de Poblaci\u00f3n Activa (EPA), a finales de septiembre los trabajadores que cobraban prestaciones por desempleo, incluyendo trabajadores de ERTE y aut\u00f3nomos en cese de actividad, hab\u00edan aumentado en 1,25 millones de personas respecto a febrero, percibiendo muchos de ellos un 30% menos de su salario habitual, y el n\u00famero de hogares sin ning\u00fan tipo de ingresos aument\u00f3 en el segundo trimestre en 105.600 respecto al \u00faltimo trimestre de 2019, con un total de 278.000 familias afectadas.<\/p>\n\n\n\n<p>La \u00faltima pr\u00f3rroga de los ERTE, cuya vigencia termina el 31 de enero, estableci\u00f3 tres posibilidades de solicitarlo: por fuerza mayor, de limitaci\u00f3n y de impedimento. Las que se acogieron al primer supuesto tienen exoneraciones de entre el 85% y el 75%, en funci\u00f3n de su n\u00famero de trabajadores -a esta tipolog\u00eda se acogieron fundamentalmente pymes y aut\u00f3nomos del transporte, la hosteler\u00eda y del turismo-. En el caso de los de limitaci\u00f3n, las exoneraciones son temporales, oscilan entre el 100% y el 70%, ya van perdiendo cobertura seg\u00fan avanzan los meses. En cuanto a los de impedimento, las bonificaciones son del 100% al 90%, dependiendo de su volumen de empleados y facturaci\u00f3n.<\/p>\n\n\n\n<p>Hoy mismo, la patronal CEOE ha vuelto a defender que las empresas deber\u00edan poder despedir si las ayudas que reciben para los ERTE no cubren el 100% de las cotizaciones sociales de los trabajadores en suspenso, dado que la crisis ha situado a muchas de ellas ante la necesidad de ajustar plantilla para poder mantener la actividad. \u201cO el 100% de exoneraciones e hibernamos el empleo o hay que levantar las restricciones de la prohibici\u00f3n del despido y eliminar el compromiso de reserva del empleo mientras uno se est\u00e9 exonerando\u201d, ha afirmado la responsable de relaciones laborales de CEOE, Rosa Santos.<\/p>\n\n\n\n<p>Recuerdan los empresarios que el Ministerio del Trabajo ha puesto el despido en una l\u00ednea roja que no se puede traspasar y ha vinculado las ayudas p\u00fablicas al mantenimiento del empleo. Esta limitaci\u00f3n obliga a las empresas \u2013salvo despidos por causas disciplinarias procedentes y otras excepciones\u2013 a mantener los puestos de trabajo durante el plazo de seis meses desde la fecha de reanudaci\u00f3n de la actividad, entendiendo por tal la reincorporaci\u00f3n al trabajo efectivo de personas afectadas por el expediente, aun cuando esta sea parcial o s\u00f3lo afecte a parte de la plantilla. Por esta raz\u00f3n, muchas empresas se est\u00e1n viendo obligadas a reembolsar a la Administraci\u00f3n el coste del ERTE para proceder al despido, al comprobar que la viabilidad de su negocio est\u00e1 en entredicho por el efecto de la segunda ola. En esta tesitura estar\u00edan miles del pymes y micropymes del sector tur\u00edstico y del comercio, aunque afecta en mayor o menor medida a todos los sectores.<\/p>\n\n\n\n<p>Con datos actualizados al mes de octubre, m\u00e1s de 654.000 expedientes temporales siguen vigentes. De ellos -y en cifras redondas- 386.000 son por fuerza mayor, 176.000 por limitaci\u00f3n de la actividad y 92.000 por otras causas. El \u00faltimo informe de empleo realizado por la asociaci\u00f3n de aut\u00f3nomos ATA determin\u00f3 que 300.000 trabajadores por cuenta propia echar\u00e1n el cierre a sus negocios y que uno de cada tres se plantea reducir plantilla. La consecuencia directa ser\u00eda la p\u00e9rdida de 500.000 empleos adicionales.<\/p>\n","protected":false},"excerpt":{"rendered":"<p>La segunda ola, las nuevas restricciones y los confinamientos perimetrales est\u00e1n retardando m\u00e1s de lo esperado la recuperaci\u00f3n de la actividad empresarial y el empleo.<\/p>\n","protected":false},"author":2,"featured_media":3383,"comment_status":"open","ping_status":"open","sticky":false,"template":"","format":"standard","meta":{"footnotes":""},"categories":[2],"tags":[2026,2025,586,239,111,264,2027],"class_list":["post-3382","post","type-post","status-publish","format-standard","has-post-thumbnail","hentry","category-noticias","tag-2026","tag-2025","tag-despues","tag-erte","tag-meses","tag-personas","tag-siguen"],"amp_enabled":true,"_links":{"self":[{"href":"https:\/\/sucurriculum.com\/noticias\/wp-json\/wp\/v2\/posts\/3382","targetHints":{"allow":["GET"]}}],"collection":[{"href":"https:\/\/sucurriculum.com\/noticias\/wp-json\/wp\/v2\/posts"}],"about":[{"href":"https:\/\/sucurriculum.com\/noticias\/wp-json\/wp\/v2\/types\/post"}],"author":[{"embeddable":true,"href":"https:\/\/sucurriculum.com\/noticias\/wp-json\/wp\/v2\/users\/2"}],"replies":[{"embeddable":true,"href":"https:\/\/sucurriculum.com\/noticias\/wp-json\/wp\/v2\/comments?post=3382"}],"version-history":[{"count":1,"href":"https:\/\/sucurriculum.com\/noticias\/wp-json\/wp\/v2\/posts\/3382\/revisions"}],"predecessor-version":[{"id":3384,"href":"https:\/\/sucurriculum.com\/noticias\/wp-json\/wp\/v2\/posts\/3382\/revisions\/3384"}],"wp:featuredmedia":[{"embeddable":true,"href":"https:\/\/sucurriculum.com\/noticias\/wp-json\/wp\/v2\/media\/3383"}],"wp:attachment":[{"href":"https:\/\/sucurriculum.com\/noticias\/wp-json\/wp\/v2\/media?parent=3382"}],"wp:term":[{"taxonomy":"category","embeddable":true,"href":"https:\/\/sucurriculum.com\/noticias\/wp-json\/wp\/v2\/categories?post=3382"},{"taxonomy":"post_tag","embeddable":true,"href":"https:\/\/sucurriculum.com\/noticias\/wp-json\/wp\/v2\/tags?post=3382"}],"curies":[{"name":"wp","href":"https:\/\/api.w.org\/{rel}","templated":true}]}}