{"id":3024,"date":"2020-10-21T00:29:57","date_gmt":"2020-10-20T22:29:57","guid":{"rendered":"https:\/\/sucurriculum.com\/noticias\/?p=3024"},"modified":"2020-10-21T00:29:57","modified_gmt":"2020-10-20T22:29:57","slug":"solaria-generara-15-000-empleos-en-belinchon-cuenca","status":"publish","type":"post","link":"https:\/\/sucurriculum.com\/noticias\/solaria-generara-15-000-empleos-en-belinchon-cuenca\/","title":{"rendered":"Solaria generar\u00e1 15.000 empleos en Belinch\u00f3n (Cuenca)"},"content":{"rendered":"\n<p>La localidad de Belinch\u00f3n ya tiene en funcionamiento el parque fotovoltaico impulsado por Solaria despu\u00e9s de un acto inaugural en el que el presidente de la compa\u00f1\u00eda, Enrique D\u00edaz Tejeiro, ha avanzado que la entidad sigue trabajando en este tipo de recursos para la regi\u00f3n y prev\u00e9 la instalaci\u00f3n de parques que generar\u00e1n 2.500 megavatios (MW) de producci\u00f3n anual y se generar\u00e1n hasta 15.000 empleos en su fase de construcci\u00f3n.<\/p>\n\n\n\n<p>En el acto ha destacado entre esas inversiones las previstas en Toledo norte, para un parque que generar\u00e1 935 megavatios; y otro m\u00e1s en Trillo, con previsi\u00f3n de generar 626 megavatios.<\/p>\n\n\n\n<p>En cuanto a la planta que se estrena este viernes, ha apuntado que son 14 millones los invertidos, y que tras haber creado hasta 250 empleos en su construcci\u00f3n, servir\u00e1 para abastecer a 15.000 hogares.<\/p>\n\n\n\n<p>El presidente de Castilla-La Mancha, Emiliano Garc\u00eda-Page, dirigi\u00e9ndose a la empresa, ha puesto en valor que se trata de una entidad \u00aba punto de entrar en el Ibex\u00bb y con casi la mitad de su producci\u00f3n energ\u00e9tica \u00abvinculada\u00bb a Castilla-La Mancha, en lo que conforma \u00abun matrimonio\u00bb de \u00e9xito.<\/p>\n\n\n\n<p>\u00abNos sentimos muy contentos, por muchas razones, tambi\u00e9n por vuestra actitud\u00bb, ha asegurado, para a continuaci\u00f3n poner en valor la gran \u00abestabilidad\u00bb de la que goza el clima pol\u00edtico de la regi\u00f3n, la cual permite \u00abpoder hablar no s\u00f3lo de ma\u00f1ana, sino tambi\u00e9n de pasado ma\u00f1ana\u00bb y en un contexto de \u00abdesquicio pol\u00edtico\u00bb.<\/p>\n","protected":false},"excerpt":{"rendered":"<p>La localidad de Belinch\u00f3n ya tiene en funcionamiento el parque fotovoltaico impulsado por Solaria.<\/p>\n","protected":false},"author":2,"featured_media":3025,"comment_status":"open","ping_status":"open","sticky":false,"template":"","format":"standard","meta":{"footnotes":""},"categories":[2],"tags":[1816,1817,1818,95,1819],"class_list":["post-3024","post","type-post","status-publish","format-standard","has-post-thumbnail","hentry","category-noticias","tag-1816","tag-belinchon","tag-cuenca","tag-empleos","tag-solaria"],"amp_enabled":true,"_links":{"self":[{"href":"https:\/\/sucurriculum.com\/noticias\/wp-json\/wp\/v2\/posts\/3024","targetHints":{"allow":["GET"]}}],"collection":[{"href":"https:\/\/sucurriculum.com\/noticias\/wp-json\/wp\/v2\/posts"}],"about":[{"href":"https:\/\/sucurriculum.com\/noticias\/wp-json\/wp\/v2\/types\/post"}],"author":[{"embeddable":true,"href":"https:\/\/sucurriculum.com\/noticias\/wp-json\/wp\/v2\/users\/2"}],"replies":[{"embeddable":true,"href":"https:\/\/sucurriculum.com\/noticias\/wp-json\/wp\/v2\/comments?post=3024"}],"version-history":[{"count":1,"href":"https:\/\/sucurriculum.com\/noticias\/wp-json\/wp\/v2\/posts\/3024\/revisions"}],"predecessor-version":[{"id":3026,"href":"https:\/\/sucurriculum.com\/noticias\/wp-json\/wp\/v2\/posts\/3024\/revisions\/3026"}],"wp:featuredmedia":[{"embeddable":true,"href":"https:\/\/sucurriculum.com\/noticias\/wp-json\/wp\/v2\/media\/3025"}],"wp:attachment":[{"href":"https:\/\/sucurriculum.com\/noticias\/wp-json\/wp\/v2\/media?parent=3024"}],"wp:term":[{"taxonomy":"category","embeddable":true,"href":"https:\/\/sucurriculum.com\/noticias\/wp-json\/wp\/v2\/categories?post=3024"},{"taxonomy":"post_tag","embeddable":true,"href":"https:\/\/sucurriculum.com\/noticias\/wp-json\/wp\/v2\/tags?post=3024"}],"curies":[{"name":"wp","href":"https:\/\/api.w.org\/{rel}","templated":true}]}}